{"id":981,"date":"2022-02-23T21:02:09","date_gmt":"2022-02-23T20:02:09","guid":{"rendered":"https:\/\/utwstarachowice.pl\/2022\/02\/23\/komunikaty-marzec-2022r\/"},"modified":"2022-02-23T21:02:09","modified_gmt":"2022-02-23T20:02:09","slug":"komunikaty-marzec-2022r","status":"publish","type":"post","link":"https:\/\/utwstarachowice.pl\/?p=981","title":{"rendered":"KOMUNIKATY -MARZEC 2022r."},"content":{"rendered":"<p><span style=\"font-size: medium;\">01.03-wtorek godz.15:00 &#8211; wyk\u0142ad Bogumi\u0142y Skrobisz &#8222;Ona i On w raju&#8221; -opowie\u015b\u0107 z\u00a0 \u00a0przymru\u017ceniem oka.<\/span><\/p>\n<p><span style=\"font-size: medium;\">04.03 &#8211; pi\u0105tek godz.17:00 &#8211;\u00a0 wyst\u0119p grupy teatralnej &#8222;Scena UTW&#8221; oraz grupy wokalnej &#8222;Srebrne Nuty&#8221; w GOK w Brodach z okazji Dnia Kobiet.<\/span><\/p>\n<p><span style=\"font-size: medium;\">07.03 &#8211; poniedzia\u0142ek godz.11:00 &#8211; spotkanie z Prezydentem Miasta Markiem Materkiem\u00a0 &#8211; sala konferencyjna Urz\u0119du Miasta\u00a0 OLIMPIA\u00a0<\/span><\/p>\n<p><span style=\"font-size: medium;\">08.03 &#8211; wtorek godz.17:00 &#8211; wyst\u0119p grupy teatralnej &#8222;Scena UTW&#8221; oraz grupy wokalnej &#8222;Srebrne Nuty w GOK w Marcinkowie &#8211; &#8222;Bawmy si\u0119 Kobietki&#8221;.<\/span><\/p>\n<p><span style=\"font-size: medium;\">09.03 &#8211; \u015broda godz.16:00 &#8211; zapraszamy wszystkich s\u0142uchaczy UTW do sali klubowej Parku Kultury. W programie wyst\u0119p grupy teatralnej &#8222;Scena UTW&#8221; oraz grupy wokalnej &#8222;Srebrne Nuty&#8221; z okazji Dnia Kobiet oraz zabawa przy muzyce. Zapewniamy kaw\u0119 i herbat\u0119- mile widziane w\u0142asne wypieki.<\/span><\/p>\n<p><span style=\"font-size: medium;\">12.03 &#8211; sobota godz.10:00 &#8211; spacer edukacyjny &#8211; zwiedzamy firm\u0119 CERRAD. Spotkanie na parkingu\u00a0 przed\u00a0 Powiatowym Urz\u0119dem Pracy.<\/span><\/p>\n<p><span style=\"font-size: medium;\">14.03 &#8211; poniedzia\u0142ek godz.11:00 &#8211; wyk\u0142ad Paw\u0142a Ko\u0142odziejskiego &#8222;Architektura Starachowic&#8221;.<\/span><\/p>\n<p><span style=\"font-size: medium;\">15.03 &#8211; wtorek godz.7:15 -wyjazd na baseny siarczkowe do Solca z przystanku autobusowego przy Galerii Ska\u0142ka.<\/span><\/p>\n<p><span style=\"font-size: medium;\">15.03 &#8211; wtorek godz.15:00 &#8211; wyk\u0142ad\u00a0 Doroty Kie\u0142ek &#8222;O mi\u0142o\u015bci prawie wszystko&#8221;.<\/span><\/p>\n<p><span style=\"font-size: medium;\">19.03 &#8211; sobota godz.10:00 &#8211; spacer edukacyjny\u00a0 z Paw\u0142em Ko\u0142odziejskim &#8211; poznajemy elementy architektury naszego miasta. Spotkanie\u00a0 na Rynku.<\/span><\/p>\n<p><span style=\"font-size: medium;\">21.03 -poniedzia\u0142ek godz.11:00 &#8211; Nasze zdrowie &#8211; spotkanie z dietetykiem Beat\u0105 Tusi\u0144sk\u0105.<\/span><\/p>\n<p><span style=\"font-size: medium;\">26.03 &#8211; sobota godz.10:00 &#8211; spacer edukacyjny na orientacj\u0119 do Warszawki. Zbi\u00f3rka na parkingu przy cmentarzu ul. Zgodna.<\/span><\/p>\n<p><span style=\"font-size: medium;\">28.03 &#8211; poniedzia\u0142ek godz.11:00 &#8211; Historia STARA &#8211; zaj\u0119cia w Muzeum Przyrody i Techniki. Wyk\u0142ad Macieja Szl\u0119zaka.<\/span><\/p>\n","protected":false},"excerpt":{"rendered":"<p>01.03-wtorek godz.15:00 &#8211; wyk\u0142ad Bogumi\u0142y Skrobisz &#8222;Ona i On w raju&#8221; -opowie\u015b\u0107 z\u00a0 \u00a0przymru\u017ceniem oka. 04.03 &#8211; pi\u0105tek godz.17:00 &#8211;\u00a0 &hellip;<\/p>\n","protected":false},"author":3,"featured_media":0,"comment_status":"open","ping_status":"open","sticky":true,"template":"","format":"standard","meta":{"footnotes":""},"categories":[1],"tags":[],"_links":{"self":[{"href":"https:\/\/utwstarachowice.pl\/index.php?rest_route=\/wp\/v2\/posts\/981"}],"collection":[{"href":"https:\/\/utwstarachowice.pl\/index.php?rest_route=\/wp\/v2\/posts"}],"about":[{"href":"https:\/\/utwstarachowice.pl\/index.php?rest_route=\/wp\/v2\/types\/post"}],"author":[{"embeddable":true,"href":"https:\/\/utwstarachowice.pl\/index.php?rest_route=\/wp\/v2\/users\/3"}],"replies":[{"embeddable":true,"href":"https:\/\/utwstarachowice.pl\/index.php?rest_route=%2Fwp%2Fv2%2Fcomments&post=981"}],"version-history":[{"count":0,"href":"https:\/\/utwstarachowice.pl\/index.php?rest_route=\/wp\/v2\/posts\/981\/revisions"}],"wp:attachment":[{"href":"https:\/\/utwstarachowice.pl\/index.php?rest_route=%2Fwp%2Fv2%2Fmedia&parent=981"}],"wp:term":[{"taxonomy":"category","embeddable":true,"href":"https:\/\/utwstarachowice.pl\/index.php?rest_route=%2Fwp%2Fv2%2Fcategories&post=981"},{"taxonomy":"post_tag","embeddable":true,"href":"https:\/\/utwstarachowice.pl\/index.php?rest_route=%2Fwp%2Fv2%2Ftags&post=981"}],"curies":[{"name":"wp","href":"https:\/\/api.w.org\/{rel}","templated":true}]}}