{"id":973,"date":"2022-02-22T16:11:18","date_gmt":"2022-02-22T15:11:18","guid":{"rendered":"https:\/\/utwstarachowice.pl\/2022\/02\/22\/dzien-pamieci-o-zolnierzach-wykletych\/"},"modified":"2022-02-22T16:11:18","modified_gmt":"2022-02-22T15:11:18","slug":"dzien-pamieci-o-zolnierzach-wykletych","status":"publish","type":"post","link":"https:\/\/utwstarachowice.pl\/?p=973","title":{"rendered":"DZIE\u0143  PAMI\u0118CI  O \u017bO\u0141NIERZACH  WYKL\u0118TYCH"},"content":{"rendered":"<p><span style=\"font-size: medium;\">Prezydent Miasta Starachowice Marek Materek oraz Spo\u0142eczno\u015b\u0107 Szko\u0142y Podstawowej nr 2 w Starachowicach zapraszaj\u0105 do wzi\u0119cia udzia\u0142u w Obchodach Narodowego Dnia Pami\u0119ci &#8222;\u017bo\u0142nierzy Wykl\u0119tych&#8221; w dniu 1 marca 2022 w Starachowicach.<\/span><br \/><span style=\"font-size: medium;\">Msza \u015awi\u0119ta w intencji &#8222;\u017bo\u0142nierzy Wykl\u0119tych&#8221; odb\u0119dzie si\u0119 w ko\u015bciele pw. Wszystkich \u015awi\u0119tych o godz. 10.00<\/span><\/p>\n","protected":false},"excerpt":{"rendered":"<p>Prezydent Miasta Starachowice Marek Materek oraz Spo\u0142eczno\u015b\u0107 Szko\u0142y Podstawowej nr 2 w Starachowicach zapraszaj\u0105 do wzi\u0119cia udzia\u0142u w Obchodach Narodowego &hellip;<\/p>\n","protected":false},"author":3,"featured_media":0,"comment_status":"open","ping_status":"open","sticky":false,"template":"","format":"standard","meta":{"footnotes":""},"categories":[1],"tags":[],"_links":{"self":[{"href":"https:\/\/utwstarachowice.pl\/index.php?rest_route=\/wp\/v2\/posts\/973"}],"collection":[{"href":"https:\/\/utwstarachowice.pl\/index.php?rest_route=\/wp\/v2\/posts"}],"about":[{"href":"https:\/\/utwstarachowice.pl\/index.php?rest_route=\/wp\/v2\/types\/post"}],"author":[{"embeddable":true,"href":"https:\/\/utwstarachowice.pl\/index.php?rest_route=\/wp\/v2\/users\/3"}],"replies":[{"embeddable":true,"href":"https:\/\/utwstarachowice.pl\/index.php?rest_route=%2Fwp%2Fv2%2Fcomments&post=973"}],"version-history":[{"count":0,"href":"https:\/\/utwstarachowice.pl\/index.php?rest_route=\/wp\/v2\/posts\/973\/revisions"}],"wp:attachment":[{"href":"https:\/\/utwstarachowice.pl\/index.php?rest_route=%2Fwp%2Fv2%2Fmedia&parent=973"}],"wp:term":[{"taxonomy":"category","embeddable":true,"href":"https:\/\/utwstarachowice.pl\/index.php?rest_route=%2Fwp%2Fv2%2Fcategories&post=973"},{"taxonomy":"post_tag","embeddable":true,"href":"https:\/\/utwstarachowice.pl\/index.php?rest_route=%2Fwp%2Fv2%2Ftags&post=973"}],"curies":[{"name":"wp","href":"https:\/\/api.w.org\/{rel}","templated":true}]}}