{"id":961,"date":"2022-02-17T15:32:34","date_gmt":"2022-02-17T14:32:34","guid":{"rendered":"https:\/\/utwstarachowice.pl\/2022\/02\/17\/spacer-edukacyjny-2\/"},"modified":"2022-02-17T15:32:34","modified_gmt":"2022-02-17T14:32:34","slug":"spacer-edukacyjny-2","status":"publish","type":"post","link":"https:\/\/utwstarachowice.pl\/?p=961","title":{"rendered":"SPACER  EDUKACYJNY"},"content":{"rendered":"<p><span style=\"font-size: medium;\">Ze wzgl\u0119du na z\u0142\u0105 aur\u0119 odwo\u0142any jest sobotni spacer edukacyjny.<\/span><\/p>\n","protected":false},"excerpt":{"rendered":"<p>Ze wzgl\u0119du na z\u0142\u0105 aur\u0119 odwo\u0142any jest sobotni spacer edukacyjny.<\/p>\n","protected":false},"author":3,"featured_media":0,"comment_status":"open","ping_status":"open","sticky":true,"template":"","format":"standard","meta":{"footnotes":""},"categories":[1],"tags":[],"_links":{"self":[{"href":"https:\/\/utwstarachowice.pl\/index.php?rest_route=\/wp\/v2\/posts\/961"}],"collection":[{"href":"https:\/\/utwstarachowice.pl\/index.php?rest_route=\/wp\/v2\/posts"}],"about":[{"href":"https:\/\/utwstarachowice.pl\/index.php?rest_route=\/wp\/v2\/types\/post"}],"author":[{"embeddable":true,"href":"https:\/\/utwstarachowice.pl\/index.php?rest_route=\/wp\/v2\/users\/3"}],"replies":[{"embeddable":true,"href":"https:\/\/utwstarachowice.pl\/index.php?rest_route=%2Fwp%2Fv2%2Fcomments&post=961"}],"version-history":[{"count":0,"href":"https:\/\/utwstarachowice.pl\/index.php?rest_route=\/wp\/v2\/posts\/961\/revisions"}],"wp:attachment":[{"href":"https:\/\/utwstarachowice.pl\/index.php?rest_route=%2Fwp%2Fv2%2Fmedia&parent=961"}],"wp:term":[{"taxonomy":"category","embeddable":true,"href":"https:\/\/utwstarachowice.pl\/index.php?rest_route=%2Fwp%2Fv2%2Fcategories&post=961"},{"taxonomy":"post_tag","embeddable":true,"href":"https:\/\/utwstarachowice.pl\/index.php?rest_route=%2Fwp%2Fv2%2Ftags&post=961"}],"curies":[{"name":"wp","href":"https:\/\/api.w.org\/{rel}","templated":true}]}}