{"id":934,"date":"2022-02-03T17:59:52","date_gmt":"2022-02-03T16:59:52","guid":{"rendered":"https:\/\/utwstarachowice.pl\/2022\/02\/03\/pozegnanie-2\/"},"modified":"2022-02-03T17:59:52","modified_gmt":"2022-02-03T16:59:52","slug":"pozegnanie-2","status":"publish","type":"post","link":"https:\/\/utwstarachowice.pl\/?p=934","title":{"rendered":"PO\u017bEGNANIE"},"content":{"rendered":"<p><span style=\"font-size: medium;\">\u017begnamy Janusza Zakrzewskiego d\u0142ugoletniego re\u017cysera w KABARECIE\u00a0 Z R\u00d3\u017b\u0104 dzia\u0142aj\u0105cego w UTW.<\/span><\/p>\n<p><span style=\"font-size: medium;\">Pogrzeb odb\u0119dzie si\u0119 4.02.22 w\u00a0 Lubinie.<\/span><\/p>\n<p><span style=\"font-size: medium;\">Msza\u00a0 \u017ca\u0142obna odb\u0119dzie si\u0119 5.02.22 o godzinie 17:15 w Ko\u015bciele Wszystkich \u015awi\u0119tych w Starachowicach.<\/span><\/p>\n<p style=\"text-align: center;\"><img decoding=\"async\" class=\" size-full wp-image-933\" src=\"https:\/\/utwstarachowice.pl\/wp-content\/uploads\/2022\/02\/FB_IMG_1643906380601.jpg\" border=\"0\" width=\"512\" \/><\/p>\n","protected":false},"excerpt":{"rendered":"<p>\u017begnamy Janusza Zakrzewskiego d\u0142ugoletniego re\u017cysera w KABARECIE\u00a0 Z R\u00d3\u017b\u0104 dzia\u0142aj\u0105cego w UTW. Pogrzeb odb\u0119dzie si\u0119 4.02.22 w\u00a0 Lubinie. Msza\u00a0 \u017ca\u0142obna &hellip;<\/p>\n","protected":false},"author":3,"featured_media":933,"comment_status":"open","ping_status":"open","sticky":true,"template":"","format":"standard","meta":{"footnotes":""},"categories":[1],"tags":[],"_links":{"self":[{"href":"https:\/\/utwstarachowice.pl\/index.php?rest_route=\/wp\/v2\/posts\/934"}],"collection":[{"href":"https:\/\/utwstarachowice.pl\/index.php?rest_route=\/wp\/v2\/posts"}],"about":[{"href":"https:\/\/utwstarachowice.pl\/index.php?rest_route=\/wp\/v2\/types\/post"}],"author":[{"embeddable":true,"href":"https:\/\/utwstarachowice.pl\/index.php?rest_route=\/wp\/v2\/users\/3"}],"replies":[{"embeddable":true,"href":"https:\/\/utwstarachowice.pl\/index.php?rest_route=%2Fwp%2Fv2%2Fcomments&post=934"}],"version-history":[{"count":0,"href":"https:\/\/utwstarachowice.pl\/index.php?rest_route=\/wp\/v2\/posts\/934\/revisions"}],"wp:featuredmedia":[{"embeddable":true,"href":"https:\/\/utwstarachowice.pl\/index.php?rest_route=\/"}],"wp:attachment":[{"href":"https:\/\/utwstarachowice.pl\/index.php?rest_route=%2Fwp%2Fv2%2Fmedia&parent=934"}],"wp:term":[{"taxonomy":"category","embeddable":true,"href":"https:\/\/utwstarachowice.pl\/index.php?rest_route=%2Fwp%2Fv2%2Fcategories&post=934"},{"taxonomy":"post_tag","embeddable":true,"href":"https:\/\/utwstarachowice.pl\/index.php?rest_route=%2Fwp%2Fv2%2Ftags&post=934"}],"curies":[{"name":"wp","href":"https:\/\/api.w.org\/{rel}","templated":true}]}}