{"id":920,"date":"2022-01-20T16:37:55","date_gmt":"2022-01-20T15:37:55","guid":{"rendered":"https:\/\/utwstarachowice.pl\/2022\/01\/20\/zaproszenie-na-debate-ogolnopolska-federacja-stowarzyszen-utw\/"},"modified":"2022-01-20T16:37:55","modified_gmt":"2022-01-20T15:37:55","slug":"zaproszenie-na-debate-ogolnopolska-federacja-stowarzyszen-utw","status":"publish","type":"post","link":"https:\/\/utwstarachowice.pl\/?p=920","title":{"rendered":"ZAPROSZENIE  NA  DEBAT\u0118 &#8211; OG\u00d3LNOPOLSKA  FEDERACJA  STOWARZYSZE\u0143  UTW."},"content":{"rendered":"<div><span style=\"font-size: medium;\">Serdecznie zapraszamy Pa\u0144stwa do udzia\u0142u w debacie on-line z cyklu Srebrne Debaty KIGS-u,<\/span><br \/><span style=\"font-size: medium;\">kt\u00f3ra odb\u0119dzie si\u0119\u00a026 stycznia 2022 r. o godzinie 14:00<\/span><\/p>\n<p><span style=\"font-size: medium;\">Temat:\u00a0Potrzeby i zdrowie Senior\u00f3w<\/span><\/p>\n<p><span style=\"font-size: medium;\">Podczas debaty odb\u0119dzie si\u0119 premiera Raportu Potrzeby i zdrowie Senior\u00f3w podczas pandemii COVID-19<\/span><\/p>\n<p><span style=\"font-size: medium;\">Wydarzenie jest bezp\u0142atne\u00a0dla ka\u017cdego uczestnika, wystarczy si\u0119 na nie zapisa\u0107 pod poni\u017cszym linkiem:<\/span><\/p>\n<p><span style=\"font-size: medium;\"><a href=\"http:\/\/utwstarachowice.pl:2095\/cpsess3201737545\/3rdparty\/roundcube\/#NOP\" rel=\"noreferrer\">https:\/\/srebrnerozmowy.pl\/<\/a><\/span><\/div>\n<div><span style=\"font-size: medium;\">\u00a0<\/span><\/div>\n<div><span style=\"font-size: medium;\">Po zapisaniu si\u0119, ka\u017cdy otrzyma pisemne potwierdzenie na podany adres e-mail oraz przed wydarzeniem przypomnienie i link do wydarzenia.<\/span><\/p>\n<p><span style=\"font-size: medium;\">Informacje dodatkowe:<\/span><\/p>\n<p><span style=\"font-size: medium;\">To zaproszenie mo\u017cna przes\u0142a\u0107 dalej e-mailem, aby zaprosi\u0107 znajomych.<\/span><br \/><span style=\"font-size: medium;\">Debat\u0119 mo\u017cna ogl\u0105da\u0107 w grupach, podczas zaj\u0119\u0107 na UTW lub w klubach i innych miejscach wsp\u00f3lnych spotka\u0144.<\/span><br \/><span style=\"font-size: medium;\">Podczas ca\u0142ego b\u0119dzie spotkania mo\u017cna na \u017cywo na czacie zadawa\u0107 pytania prelegentom oraz dzieli\u0107 si\u0119 opiniami oraz zg\u0142asza\u0107 pomys\u0142y i potrzeby.<\/span><br \/><span style=\"font-size: medium;\">W mi\u0119dzyczasie przypominamy o mo\u017cliwo\u015bci korzystania z naszej nieodp\u0142atnej Akademii online na\u00a0<a href=\"http:\/\/www.abcsenior.com\/\" target=\"_blank\" rel=\"noreferrer noopener\">www.ABCsenior.com<\/a><\/span><\/p>\n<p><span style=\"font-size: medium;\">link do rejestracji:\u00a0<a href=\"https:\/\/srebrnerozmowy.pl\/\" target=\"_blank\" rel=\"noreferrer noopener\">https:\/\/srebrnerozmowy.pl\/<\/a><\/span><\/div>\n<div><span style=\"font-size: medium;\">\u00a0<\/span><\/div>\n<div><span style=\"font-size: medium;\">Serdecznie zapraszamy!<\/span><\/div>\n<div><span style=\"font-size: medium;\">\u00a0<\/span><\/div>\n<div><span style=\"font-size: medium;\">Pozdrawiamy,<\/span><\/div>\n<div><span style=\"font-size: medium;\">Zesp\u00f3\u0142 Federacji UTW<\/span><\/div>\n<p><span style=\"font-size: medium;\">OG\u00d3LNOPOLSKA<\/span><br \/><span style=\"font-size: medium;\">FEDERACJA STOWARZYSZE\u0143<\/span><br \/><span style=\"font-size: medium;\">UNIWERSYTET\u00d3W TRZECIEGO WIEKU<\/span><br \/><span style=\"font-size: medium;\">Polish Association of Universities of the Third Age<\/span><\/p>\n<p><span style=\"font-size: medium;\">33-300 Nowy S\u0105cz<\/span><br \/><span style=\"font-size: medium;\">ul.Jagiello\u0144ska 18<\/span><br \/><span style=\"font-size: medium;\">tel\/fax.+48 18 4435708<\/span><br \/><span style=\"font-size: medium;\">www.federacjautw.pl<\/span><\/p>\n<p><span style=\"font-size: medium;\">Klauzule informacyjne RODO:<\/span><br \/><span style=\"font-size: medium;\">http:\/\/federacjautw.pl\/index.php\/informacje-rodo<\/span><\/p>\n","protected":false},"excerpt":{"rendered":"<p>Serdecznie zapraszamy Pa\u0144stwa do udzia\u0142u w debacie on-line z cyklu Srebrne Debaty KIGS-u,kt\u00f3ra odb\u0119dzie si\u0119\u00a026 stycznia 2022 r. o godzinie &hellip;<\/p>\n","protected":false},"author":3,"featured_media":0,"comment_status":"open","ping_status":"open","sticky":true,"template":"","format":"standard","meta":{"footnotes":""},"categories":[2],"tags":[],"_links":{"self":[{"href":"https:\/\/utwstarachowice.pl\/index.php?rest_route=\/wp\/v2\/posts\/920"}],"collection":[{"href":"https:\/\/utwstarachowice.pl\/index.php?rest_route=\/wp\/v2\/posts"}],"about":[{"href":"https:\/\/utwstarachowice.pl\/index.php?rest_route=\/wp\/v2\/types\/post"}],"author":[{"embeddable":true,"href":"https:\/\/utwstarachowice.pl\/index.php?rest_route=\/wp\/v2\/users\/3"}],"replies":[{"embeddable":true,"href":"https:\/\/utwstarachowice.pl\/index.php?rest_route=%2Fwp%2Fv2%2Fcomments&post=920"}],"version-history":[{"count":0,"href":"https:\/\/utwstarachowice.pl\/index.php?rest_route=\/wp\/v2\/posts\/920\/revisions"}],"wp:attachment":[{"href":"https:\/\/utwstarachowice.pl\/index.php?rest_route=%2Fwp%2Fv2%2Fmedia&parent=920"}],"wp:term":[{"taxonomy":"category","embeddable":true,"href":"https:\/\/utwstarachowice.pl\/index.php?rest_route=%2Fwp%2Fv2%2Fcategories&post=920"},{"taxonomy":"post_tag","embeddable":true,"href":"https:\/\/utwstarachowice.pl\/index.php?rest_route=%2Fwp%2Fv2%2Ftags&post=920"}],"curies":[{"name":"wp","href":"https:\/\/api.w.org\/{rel}","templated":true}]}}