{"id":916,"date":"2022-01-17T18:57:31","date_gmt":"2022-01-17T17:57:31","guid":{"rendered":"https:\/\/utwstarachowice.pl\/2022\/01\/17\/komunikaty-luty-2022r\/"},"modified":"2022-01-17T18:57:31","modified_gmt":"2022-01-17T17:57:31","slug":"komunikaty-luty-2022r","status":"publish","type":"post","link":"https:\/\/utwstarachowice.pl\/?p=916","title":{"rendered":"Komunikaty \u2013 luty 2022r."},"content":{"rendered":"<p align=\"center\">\u00a0<\/p>\n<p><span style=\"font-size: medium;\"><strong>30.01. \u2013 (niedziela) godz. 18.30 \u2013 <\/strong>wyst\u0119p jase\u0142kowy \u2013 Scena UTW\u00a0pt. \u201e Magia tego\u00a0 wieczoru\u201d w ko\u015bciele Wszystkich \u015awi\u0119tych ul. Radomska .<\/span><\/p>\n<p><span style=\"font-size: medium;\"><strong>31.01.\u00a0<\/strong><strong>\u2013 godz.11.00 \u2013 wyk\u0142ad\u00a0 pt. \u00a0Chleb \u015bwi\u0105teczny<\/strong> &#8211; \u00a0Wioletta Sobieraj.<\/span><\/p>\n<p><span style=\"font-size: medium;\">\u00a0 \u00a0 \u00a0 \u00a0 \u00a0 \u00a0<strong> \u00a0 godz. 13.00<\/strong> \u2013 informatyka \u2013 Agnieszka Pachocka.<\/span><\/p>\n<p><span style=\"font-size: medium;\"><strong>01. 02. \u2013 godz. 13.30 <\/strong>\u2013 aerobik na basenie p\u0142ytkim \u2013 zaj\u0119cia dodatkowe.<\/span><\/p>\n<p><span style=\"font-size: medium;\"><strong>05.02.- godz. 10.00<\/strong> \u2013 spacer edukacyjny do uj\u015bcia rzeki M\u0142yn\u00f3wki. Zbi\u00f3rka na placu rynku. Prowadzi El\u017cbieta Durlej.<\/span><\/p>\n<p><span style=\"font-size: medium;\"><strong>07.02\u00a0 &#8211; godz.11.00 &#8211; \u00a0<\/strong>Losy powsta\u0144c\u00f3w styczniowych i ich rodzin na przyk\u0142adzie rodziny Prendowskich z Mirca &#8211; wyk\u0142ad Dariusza D\u0105browskiego.<\/span><\/p>\n<p><span style=\"font-size: medium;\"><strong>08.02. ( wtorek) godz. 15.00 \u2013 \u201e<\/strong> Ka\u017cdy cz\u0142owiek mo\u017ce by\u0107 twoim bli\u017anim\u201d.\u00a0Wyk\u0142ad\u00a0 Doroty Kie\u0142ek o Albercie Schweitzerze.<\/span><\/p>\n<p><span style=\"font-size: medium;\">1<strong>1.02 \u2013 godz.11.00<\/strong>&#8211; geografia \u2013 Naturalne bariery ograniczaj\u0105ce rozmieszczenie ludno\u015bci na \u015bwiecie.<\/span><\/p>\n<p><span style=\"font-size: medium;\"><strong>12.02. &#8211; godz.16.00 \u2013 22.00 &#8211; Zabawa walentynkowa,\u00a0 <\/strong>sala Olimpia w Urz\u0119dzie\u00a0 Miasta ul. Radomska 45<\/span><\/p>\n<p><span style=\"font-size: medium;\"><strong>14.02 \u2013 godz.11.00-&#8222;Szcz\u0119\u015bcie w nowej rzeczywisto\u015bci&#8221; &#8211;<\/strong>wyk\u0142ad \u00a0Jolanty\u00a0 Nowak.<br \/><\/span><\/p>\n<p><span style=\"font-size: medium;\"><strong>19.02. \u2013 godz.10.00<\/strong> \u2013 spacer edukacyjny do Warszawki. Zbi\u00f3rka na parkingu przy\u00a0cmentarzu ul. Zgodna. Dla ch\u0119tnych mo\u017cliwy powr\u00f3t komunikacj\u0105 miejsk\u0105.<\/span><\/p>\n<p><span style=\"font-size: medium;\"><strong>21.02. &#8211; godz. 11.00-<\/strong><strong>Historia i dzie\u0144 dzisiejszy firmy CERRAD .<\/strong> \u00a0<\/span><\/p>\n<p><span style=\"font-size: medium;\"><strong>25.02. \u2013 godz. 11.00- <\/strong>geografia \u2013 Ludno\u015b\u0107 \u015bwiata i jej rozmieszczenie na ziemi.<\/span><\/p>\n<p><span style=\"font-size: medium;\"><strong>26.02 \u2013 godz.10.00<\/strong> \u2013 spacer edukacyjny \u2013 zwiedzamy \u00a0Cmentarz \u017bydowski.\u00a0Zbi\u00f3rka na placu rynku. Prowadzi El\u017cbieta Durlej.<\/span><\/p>\n<p><span style=\"font-size: medium;\"><strong>28.02 \u2013 godz. 11.00- Nasze zdrowie \u00a0w naszych r\u0119kach \u2013 Beata Tusi\u0144ska \u2013 dietetyk.<\/strong><\/span><\/p>\n","protected":false},"excerpt":{"rendered":"<p>\u00a0 30.01. \u2013 (niedziela) godz. 18.30 \u2013 wyst\u0119p jase\u0142kowy \u2013 Scena UTW\u00a0pt. \u201e Magia tego\u00a0 wieczoru\u201d w ko\u015bciele Wszystkich \u015awi\u0119tych &hellip;<\/p>\n","protected":false},"author":3,"featured_media":0,"comment_status":"open","ping_status":"open","sticky":true,"template":"","format":"standard","meta":{"footnotes":""},"categories":[2],"tags":[],"_links":{"self":[{"href":"https:\/\/utwstarachowice.pl\/index.php?rest_route=\/wp\/v2\/posts\/916"}],"collection":[{"href":"https:\/\/utwstarachowice.pl\/index.php?rest_route=\/wp\/v2\/posts"}],"about":[{"href":"https:\/\/utwstarachowice.pl\/index.php?rest_route=\/wp\/v2\/types\/post"}],"author":[{"embeddable":true,"href":"https:\/\/utwstarachowice.pl\/index.php?rest_route=\/wp\/v2\/users\/3"}],"replies":[{"embeddable":true,"href":"https:\/\/utwstarachowice.pl\/index.php?rest_route=%2Fwp%2Fv2%2Fcomments&post=916"}],"version-history":[{"count":0,"href":"https:\/\/utwstarachowice.pl\/index.php?rest_route=\/wp\/v2\/posts\/916\/revisions"}],"wp:attachment":[{"href":"https:\/\/utwstarachowice.pl\/index.php?rest_route=%2Fwp%2Fv2%2Fmedia&parent=916"}],"wp:term":[{"taxonomy":"category","embeddable":true,"href":"https:\/\/utwstarachowice.pl\/index.php?rest_route=%2Fwp%2Fv2%2Fcategories&post=916"},{"taxonomy":"post_tag","embeddable":true,"href":"https:\/\/utwstarachowice.pl\/index.php?rest_route=%2Fwp%2Fv2%2Ftags&post=916"}],"curies":[{"name":"wp","href":"https:\/\/api.w.org\/{rel}","templated":true}]}}