{"id":889,"date":"2021-12-13T18:58:07","date_gmt":"2021-12-13T17:58:07","guid":{"rendered":"https:\/\/utwstarachowice.pl\/2021\/12\/13\/zajecia-odwolane-3\/"},"modified":"2021-12-13T18:58:07","modified_gmt":"2021-12-13T17:58:07","slug":"zajecia-odwolane-3","status":"publish","type":"post","link":"https:\/\/utwstarachowice.pl\/?p=889","title":{"rendered":"ZAJ\u0118CIA  ODWO\u0141ANE"},"content":{"rendered":"<p><em>Nie b\u0119dzie zaj\u0119\u0107 gimnastycznych w \u015brod\u0119 dnia 15 grudnia o godzinie 9:00.<\/em><\/p>\n","protected":false},"excerpt":{"rendered":"<p>Nie b\u0119dzie zaj\u0119\u0107 gimnastycznych w \u015brod\u0119 dnia 15 grudnia o godzinie 9:00.<\/p>\n","protected":false},"author":3,"featured_media":0,"comment_status":"open","ping_status":"open","sticky":true,"template":"","format":"standard","meta":{"footnotes":""},"categories":[1],"tags":[],"_links":{"self":[{"href":"https:\/\/utwstarachowice.pl\/index.php?rest_route=\/wp\/v2\/posts\/889"}],"collection":[{"href":"https:\/\/utwstarachowice.pl\/index.php?rest_route=\/wp\/v2\/posts"}],"about":[{"href":"https:\/\/utwstarachowice.pl\/index.php?rest_route=\/wp\/v2\/types\/post"}],"author":[{"embeddable":true,"href":"https:\/\/utwstarachowice.pl\/index.php?rest_route=\/wp\/v2\/users\/3"}],"replies":[{"embeddable":true,"href":"https:\/\/utwstarachowice.pl\/index.php?rest_route=%2Fwp%2Fv2%2Fcomments&post=889"}],"version-history":[{"count":0,"href":"https:\/\/utwstarachowice.pl\/index.php?rest_route=\/wp\/v2\/posts\/889\/revisions"}],"wp:attachment":[{"href":"https:\/\/utwstarachowice.pl\/index.php?rest_route=%2Fwp%2Fv2%2Fmedia&parent=889"}],"wp:term":[{"taxonomy":"category","embeddable":true,"href":"https:\/\/utwstarachowice.pl\/index.php?rest_route=%2Fwp%2Fv2%2Fcategories&post=889"},{"taxonomy":"post_tag","embeddable":true,"href":"https:\/\/utwstarachowice.pl\/index.php?rest_route=%2Fwp%2Fv2%2Ftags&post=889"}],"curies":[{"name":"wp","href":"https:\/\/api.w.org\/{rel}","templated":true}]}}