{"id":880,"date":"2021-11-29T18:10:58","date_gmt":"2021-11-29T17:10:58","guid":{"rendered":"https:\/\/utwstarachowice.pl\/2021\/11\/29\/komunikaty-na-grudzien-2021r\/"},"modified":"2021-11-29T18:10:58","modified_gmt":"2021-11-29T17:10:58","slug":"komunikaty-na-grudzien-2021r","status":"publish","type":"post","link":"https:\/\/utwstarachowice.pl\/?p=880","title":{"rendered":"KOMUNIKATY &#8211;  NA  GRUDZIE\u0143 2021r."},"content":{"rendered":"<p><span style=\"font-size: large;\">01.XII &#8211; wyjazd do Solca Zdroju na baseny siarczkowe w ramach projektu &#8222;Zdrowy senior to aktywny senior&#8221;- wyjazd godz.8:00 z przystanku autobusowego przy Galerii Ska\u0142ka.<\/span><\/p>\n<p><span style=\"font-size: large;\">04.XII &#8211; spacer edukacyjny\u00a0 &#8211; zbi\u00f3rka o godz.10:00 na rynku w Wierzbniku. Przej\u015bcie ul. Benedykty\u0144sk\u0105 do Pomnika Obro\u0144c\u00f3w Starachowic. Spacer pod przewodnictwem El\u017cbiety Durlej.<\/span><\/p>\n<p><span style=\"font-size: large;\">06.XII &#8211; poniedzia\u0142ek godz.11:00 &#8211; &#8222;Bezpiecze\u0144stwo senior\u00f3w w sieci&#8221; &#8211; Pawe\u0142 Kusiak &#8211;\u00a0 rzecznik prasowy policji.<\/span><\/p>\n<p><span style=\"font-size: large;\">10.XII &#8211; godz.11:00 wyk\u0142ad pt. &#8222;Strefy klimatyczne i ro\u015blinne \u015bwiata.<\/span><\/p>\n<p><span style=\"font-size: large;\">11.XII &#8211; spacer edukacyjny &#8211; zbi\u00f3rka o godz.10:00 na p\u0119tli autobusowej ul. Bema &#8211; przej\u015bcie do cmentarza \u017cydowskiego w W\u0105chocku. Powr\u00f3t poci\u0105giem.<\/span><\/p>\n<p><span style=\"font-size: large;\">13.XII &#8211; poniedzia\u0142ek godz.11;00 &#8211; wyk\u0142ad Bogumi\u0142y Skrobisz. Krzysztof Kamil Baczy\u0144ski g\u0142osem pokolenia &#8222;spe\u0142nionej apokalipsy&#8221; -poezja, mi\u0142o\u015b\u0107 i \u015bmier\u0107.<\/span><\/p>\n<p><span style=\"font-size: large;\">14.XII &#8211; wtorek godz.15;00\u00a0 &#8211; wyk\u0142ad Doroty Kie\u0142ek o Albercie Schweitzerze &#8211; Ka\u017cdy cz\u0142owiek mo\u017ce by\u0107 twoim bli\u017anim.<br \/><\/span><\/p>\n<p><span style=\"font-size: large;\">18.XII &#8211; Spotkanie op\u0142atkowe od godz.11;00. Miejsce spotkania Strzelnica Polskiego Zwi\u0105zku \u0141owieckiego ul. Strzelnicza w Starachowicach. Dojazd\u00a0 autobusem nr.7 lub 21 do ul. Bema, dalej idziemy spacerem ulic\u0105 Strzelnicza do miejsca spotkania. Zapewniamy gor\u0105ce napoje kawa, herbata, kapusta z grochem, kie\u0142bas\u0119 na ognisko oraz muzyk\u0119.<\/span><\/p>\n<p><span style=\"font-size: large;\">20.XII &#8211; poniedzia\u0142ek godz.11;00 &#8211; wyk\u0142ad Paw\u0142a Ko\u0142odziejskiego &#8222;Wino w kulturze&#8221;.<\/span><\/p>\n<p><span style=\"font-size: large;\">\u00a0 \u00a0 \u00a0 \u00a0 \u00a0 \u00a0 \u00a0 \u00a0 \u00a0 \u00a0 \u00a0 \u00a0 \u00a0 \u00a0 \u00a0 \u00a0 \u00a0 \u00a0 \u00a0 \u00a0 \u00a0 \u00a0 \u00a0 \u00a0 \u00a0 \u00a0 Przerwa\u00a0 \u015bwi\u0105teczna\u00a0 23.XII 2021 &#8211; 07.01 2022<\/span><\/p>\n<p style=\"text-align: left;\"><span style=\"font-size: large;\">\u00a0 \u00a0 \u00a0 \u00a0 \u00a0 \u00a0 \u00a0 \u00a0 \u00a0 \u00a0 \u00a0 \u00a0 \u00a0 \u00a0 \u00a0 \u00a0 \u00a0 \u00a0 \u00a0 \u00a0 \u00a0 \u00a0 \u00a0 \u00a0 \u00a0 \u00a0 Ferie zimowe 17.01.2022 &#8211; 30.01.2022<\/span><\/p>\n","protected":false},"excerpt":{"rendered":"<p>01.XII &#8211; wyjazd do Solca Zdroju na baseny siarczkowe w ramach projektu &#8222;Zdrowy senior to aktywny senior&#8221;- wyjazd godz.8:00 z &hellip;<\/p>\n","protected":false},"author":3,"featured_media":0,"comment_status":"open","ping_status":"open","sticky":true,"template":"","format":"standard","meta":{"footnotes":""},"categories":[1],"tags":[],"_links":{"self":[{"href":"https:\/\/utwstarachowice.pl\/index.php?rest_route=\/wp\/v2\/posts\/880"}],"collection":[{"href":"https:\/\/utwstarachowice.pl\/index.php?rest_route=\/wp\/v2\/posts"}],"about":[{"href":"https:\/\/utwstarachowice.pl\/index.php?rest_route=\/wp\/v2\/types\/post"}],"author":[{"embeddable":true,"href":"https:\/\/utwstarachowice.pl\/index.php?rest_route=\/wp\/v2\/users\/3"}],"replies":[{"embeddable":true,"href":"https:\/\/utwstarachowice.pl\/index.php?rest_route=%2Fwp%2Fv2%2Fcomments&post=880"}],"version-history":[{"count":0,"href":"https:\/\/utwstarachowice.pl\/index.php?rest_route=\/wp\/v2\/posts\/880\/revisions"}],"wp:attachment":[{"href":"https:\/\/utwstarachowice.pl\/index.php?rest_route=%2Fwp%2Fv2%2Fmedia&parent=880"}],"wp:term":[{"taxonomy":"category","embeddable":true,"href":"https:\/\/utwstarachowice.pl\/index.php?rest_route=%2Fwp%2Fv2%2Fcategories&post=880"},{"taxonomy":"post_tag","embeddable":true,"href":"https:\/\/utwstarachowice.pl\/index.php?rest_route=%2Fwp%2Fv2%2Ftags&post=880"}],"curies":[{"name":"wp","href":"https:\/\/api.w.org\/{rel}","templated":true}]}}