{"id":869,"date":"2021-11-16T20:46:17","date_gmt":"2021-11-16T19:46:17","guid":{"rendered":"https:\/\/utwstarachowice.pl\/2021\/11\/16\/krajowy-instytut-gospodarki-senioralnej-2\/"},"modified":"2021-11-16T20:46:17","modified_gmt":"2021-11-16T19:46:17","slug":"krajowy-instytut-gospodarki-senioralnej-2","status":"publish","type":"post","link":"https:\/\/utwstarachowice.pl\/?p=869","title":{"rendered":"KRAJOWY  INSTYTUT  GOSPODARKI  SENIORALNEJ"},"content":{"rendered":"<p style=\"text-align: center;\"><span style=\"font-size: medium;\">Krajowy\u00a0 Instytut Gospodarki Senioralnej zaprasza do udzia\u0142u w V Kongresie Gospodarki Senioralnej kt\u00f3ry odb\u0119dzie si\u0119 24 -25 listopada on -line. Temat przewodni tegorocznego spotkania to &#8222;R\u00f3\u017cnorodno\u015b\u0107 wieku &#8211; dialog pokole\u0144&#8221;. Wydarzenie jest bezp\u0142atne.\u00a0<\/span><\/p>\n<p style=\"text-align: center;\"><span style=\"font-size: medium;\"> Wystarczy si\u0119 na nie zapisa\u0107 pod poni\u017cszym linkiem; <\/span><\/p>\n<p style=\"text-align: center;\"><span style=\"font-size: medium;\">https;\/\/silvereconomysummit.pl\/wez &#8211; udzial\/<\/span><\/p>\n<p style=\"text-align: center;\"><span style=\"font-size: medium;\">Po zapisaniu si\u0119 ka\u017cdy otrzyma pisemne potwierdzenie na podany adres e &#8211; mailowy oraz przed wydarzeniem przypomnienie i link do wydarzenia.<\/span><\/p>\n","protected":false},"excerpt":{"rendered":"<p>Krajowy\u00a0 Instytut Gospodarki Senioralnej zaprasza do udzia\u0142u w V Kongresie Gospodarki Senioralnej kt\u00f3ry odb\u0119dzie si\u0119 24 -25 listopada on -line. &hellip;<\/p>\n","protected":false},"author":3,"featured_media":0,"comment_status":"open","ping_status":"open","sticky":true,"template":"","format":"standard","meta":{"footnotes":""},"categories":[2],"tags":[],"_links":{"self":[{"href":"https:\/\/utwstarachowice.pl\/index.php?rest_route=\/wp\/v2\/posts\/869"}],"collection":[{"href":"https:\/\/utwstarachowice.pl\/index.php?rest_route=\/wp\/v2\/posts"}],"about":[{"href":"https:\/\/utwstarachowice.pl\/index.php?rest_route=\/wp\/v2\/types\/post"}],"author":[{"embeddable":true,"href":"https:\/\/utwstarachowice.pl\/index.php?rest_route=\/wp\/v2\/users\/3"}],"replies":[{"embeddable":true,"href":"https:\/\/utwstarachowice.pl\/index.php?rest_route=%2Fwp%2Fv2%2Fcomments&post=869"}],"version-history":[{"count":0,"href":"https:\/\/utwstarachowice.pl\/index.php?rest_route=\/wp\/v2\/posts\/869\/revisions"}],"wp:attachment":[{"href":"https:\/\/utwstarachowice.pl\/index.php?rest_route=%2Fwp%2Fv2%2Fmedia&parent=869"}],"wp:term":[{"taxonomy":"category","embeddable":true,"href":"https:\/\/utwstarachowice.pl\/index.php?rest_route=%2Fwp%2Fv2%2Fcategories&post=869"},{"taxonomy":"post_tag","embeddable":true,"href":"https:\/\/utwstarachowice.pl\/index.php?rest_route=%2Fwp%2Fv2%2Ftags&post=869"}],"curies":[{"name":"wp","href":"https:\/\/api.w.org\/{rel}","templated":true}]}}