{"id":868,"date":"2021-11-16T20:23:00","date_gmt":"2021-11-16T19:23:00","guid":{"rendered":"https:\/\/utwstarachowice.pl\/2021\/11\/16\/krajowy-instytut-gospodarki-senioralnej\/"},"modified":"2021-11-16T20:23:00","modified_gmt":"2021-11-16T19:23:00","slug":"krajowy-instytut-gospodarki-senioralnej","status":"publish","type":"post","link":"https:\/\/utwstarachowice.pl\/?p=868","title":{"rendered":"KRAJOWY  INSTYTUT  GOSPODARKI  SENIORALNEJ"},"content":{"rendered":"<p><span style=\"font-size: medium;\">Krajowy Instytut Gospodarki Senioralnej zaprasza do udzia\u0142u w V Kongresie Gospodarki Senioralnej kt\u00f3ry si\u0119 odb\u0119dzie 24 &#8211; 25 listopada. Temat przewodni tegorocznego spotkania to &#8222;R\u00f3\u017cnorodno\u015b\u0107 wieku &#8211; dialog pokole\u0144&#8221;. Wydarzenie jest bezp\u0142atne. Wystarczy si\u0119 na nie zapisa\u0107 pod poni\u017cszym linkiem:<\/span><\/p>\n<p><span style=\"font-size: medium;\">https:\/\/silvereconomysummit.pl\/wez-udzial\/.<\/span><\/p>\n<p><span style=\"font-size: medium;\">Po zapisaniu si\u0119 ka\u017cdy otrzyma pisemne potwierdzenie na podany adres e &#8211; mailowy oraz przed wydarzeniem przypomnienie i link do wydarzenia.<\/span><\/p>\n","protected":false},"excerpt":{"rendered":"<p>Krajowy Instytut Gospodarki Senioralnej zaprasza do udzia\u0142u w V Kongresie Gospodarki Senioralnej kt\u00f3ry si\u0119 odb\u0119dzie 24 &#8211; 25 listopada. Temat &hellip;<\/p>\n","protected":false},"author":3,"featured_media":0,"comment_status":"open","ping_status":"open","sticky":false,"template":"","format":"standard","meta":{"footnotes":""},"categories":[1],"tags":[],"_links":{"self":[{"href":"https:\/\/utwstarachowice.pl\/index.php?rest_route=\/wp\/v2\/posts\/868"}],"collection":[{"href":"https:\/\/utwstarachowice.pl\/index.php?rest_route=\/wp\/v2\/posts"}],"about":[{"href":"https:\/\/utwstarachowice.pl\/index.php?rest_route=\/wp\/v2\/types\/post"}],"author":[{"embeddable":true,"href":"https:\/\/utwstarachowice.pl\/index.php?rest_route=\/wp\/v2\/users\/3"}],"replies":[{"embeddable":true,"href":"https:\/\/utwstarachowice.pl\/index.php?rest_route=%2Fwp%2Fv2%2Fcomments&post=868"}],"version-history":[{"count":0,"href":"https:\/\/utwstarachowice.pl\/index.php?rest_route=\/wp\/v2\/posts\/868\/revisions"}],"wp:attachment":[{"href":"https:\/\/utwstarachowice.pl\/index.php?rest_route=%2Fwp%2Fv2%2Fmedia&parent=868"}],"wp:term":[{"taxonomy":"category","embeddable":true,"href":"https:\/\/utwstarachowice.pl\/index.php?rest_route=%2Fwp%2Fv2%2Fcategories&post=868"},{"taxonomy":"post_tag","embeddable":true,"href":"https:\/\/utwstarachowice.pl\/index.php?rest_route=%2Fwp%2Fv2%2Ftags&post=868"}],"curies":[{"name":"wp","href":"https:\/\/api.w.org\/{rel}","templated":true}]}}