{"id":854,"date":"2021-10-26T18:50:49","date_gmt":"2021-10-26T16:50:49","guid":{"rendered":"https:\/\/utwstarachowice.pl\/2021\/10\/26\/dzien-pamieci\/"},"modified":"2021-10-26T18:50:49","modified_gmt":"2021-10-26T16:50:49","slug":"dzien-pamieci","status":"publish","type":"post","link":"https:\/\/utwstarachowice.pl\/?p=854","title":{"rendered":"DZIE\u0143  PAMI\u0118CI."},"content":{"rendered":"<div><span class=\"v1gwpc679ac88_gmail-tojvnm2t v1gwpc679ac88_gmail-a6sixzi8 v1gwpc679ac88_gmail-abs2jz4q v1gwpc679ac88_gmail-a8s20v7p v1gwpc679ac88_gmail-t1p8iaqh v1gwpc679ac88_gmail-k5wvi7nf v1gwpc679ac88_gmail-q3lfd5jv v1gwpc679ac88_gmail-pk4s997a v1gwpc679ac88_gmail-bipmatt0 v1gwpc679ac88_gmail-cebpdrjk v1gwpc679ac88_gmail-qowsmv63 v1gwpc679ac88_gmail-owwhemhu v1gwpc679ac88_gmail-dp1hu0rb v1gwpc679ac88_gmail-dhp61c6y v1gwpc679ac88_gmail-iyyx5f41\">Dzie\u0144 dobry,<\/span><\/div>\n<div><span class=\"v1gwpc679ac88_gmail-tojvnm2t v1gwpc679ac88_gmail-a6sixzi8 v1gwpc679ac88_gmail-abs2jz4q v1gwpc679ac88_gmail-a8s20v7p v1gwpc679ac88_gmail-t1p8iaqh v1gwpc679ac88_gmail-k5wvi7nf v1gwpc679ac88_gmail-q3lfd5jv v1gwpc679ac88_gmail-pk4s997a v1gwpc679ac88_gmail-bipmatt0 v1gwpc679ac88_gmail-cebpdrjk v1gwpc679ac88_gmail-qowsmv63 v1gwpc679ac88_gmail-owwhemhu v1gwpc679ac88_gmail-dp1hu0rb v1gwpc679ac88_gmail-dhp61c6y v1gwpc679ac88_gmail-iyyx5f41\">\u00a0<\/span><\/div>\n<div><span class=\"v1gwpc679ac88_gmail-tojvnm2t v1gwpc679ac88_gmail-a6sixzi8 v1gwpc679ac88_gmail-abs2jz4q v1gwpc679ac88_gmail-a8s20v7p v1gwpc679ac88_gmail-t1p8iaqh v1gwpc679ac88_gmail-k5wvi7nf v1gwpc679ac88_gmail-q3lfd5jv v1gwpc679ac88_gmail-pk4s997a v1gwpc679ac88_gmail-bipmatt0 v1gwpc679ac88_gmail-cebpdrjk v1gwpc679ac88_gmail-qowsmv63 v1gwpc679ac88_gmail-owwhemhu v1gwpc679ac88_gmail-dp1hu0rb v1gwpc679ac88_gmail-dhp61c6y v1gwpc679ac88_gmail-iyyx5f41\">Dzie\u0144 Pami\u0119ci w 79 rocznic\u0119 Zag\u0142ady Getta w Starachowicach \u2013 Wierzbniku &#8211; 27 pa\u017adziernika 2021 r. <br \/><\/span><\/div>\n<div><span class=\"v1gwpc679ac88_gmail-tojvnm2t v1gwpc679ac88_gmail-a6sixzi8 v1gwpc679ac88_gmail-abs2jz4q v1gwpc679ac88_gmail-a8s20v7p v1gwpc679ac88_gmail-t1p8iaqh v1gwpc679ac88_gmail-k5wvi7nf v1gwpc679ac88_gmail-q3lfd5jv v1gwpc679ac88_gmail-pk4s997a v1gwpc679ac88_gmail-bipmatt0 v1gwpc679ac88_gmail-cebpdrjk v1gwpc679ac88_gmail-qowsmv63 v1gwpc679ac88_gmail-owwhemhu v1gwpc679ac88_gmail-dp1hu0rb v1gwpc679ac88_gmail-dhp61c6y v1gwpc679ac88_gmail-iyyx5f41\">&#8211; godz. 10.00 Rynek Wierzbnik &#8211; spacer komentowany po terenie by\u0142ego getta. <br \/><\/span><\/div>\n<div><span class=\"v1gwpc679ac88_gmail-tojvnm2t v1gwpc679ac88_gmail-a6sixzi8 v1gwpc679ac88_gmail-abs2jz4q v1gwpc679ac88_gmail-a8s20v7p v1gwpc679ac88_gmail-t1p8iaqh v1gwpc679ac88_gmail-k5wvi7nf v1gwpc679ac88_gmail-q3lfd5jv v1gwpc679ac88_gmail-pk4s997a v1gwpc679ac88_gmail-bipmatt0 v1gwpc679ac88_gmail-cebpdrjk v1gwpc679ac88_gmail-qowsmv63 v1gwpc679ac88_gmail-owwhemhu v1gwpc679ac88_gmail-dp1hu0rb v1gwpc679ac88_gmail-dhp61c6y v1gwpc679ac88_gmail-iyyx5f41\">&#8211; godz. 17.00 Hala Lejnicza Muzeum Przyrody i Techniki w Starachowicach &#8211; Ewy Arendarczyk z \u017bydowskiego Muzeum Galicja w Krakowie, wyk\u0142ad &#8222;\u015amier\u0107 i poch\u00f3wek w tradycji \u017cydowskiej&#8221; wernisa\u017c wystawy &#8222;Domy Wieczno\u015bci&#8221; <br \/><\/span><\/div>\n<div><span class=\"v1gwpc679ac88_gmail-tojvnm2t v1gwpc679ac88_gmail-a6sixzi8 v1gwpc679ac88_gmail-abs2jz4q v1gwpc679ac88_gmail-a8s20v7p v1gwpc679ac88_gmail-t1p8iaqh v1gwpc679ac88_gmail-k5wvi7nf v1gwpc679ac88_gmail-q3lfd5jv v1gwpc679ac88_gmail-pk4s997a v1gwpc679ac88_gmail-bipmatt0 v1gwpc679ac88_gmail-cebpdrjk v1gwpc679ac88_gmail-qowsmv63 v1gwpc679ac88_gmail-owwhemhu v1gwpc679ac88_gmail-dp1hu0rb v1gwpc679ac88_gmail-dhp61c6y v1gwpc679ac88_gmail-iyyx5f41\">\u00a0<\/span><\/div>\n<div><span class=\"v1gwpc679ac88_gmail-tojvnm2t v1gwpc679ac88_gmail-a6sixzi8 v1gwpc679ac88_gmail-abs2jz4q v1gwpc679ac88_gmail-a8s20v7p v1gwpc679ac88_gmail-t1p8iaqh v1gwpc679ac88_gmail-k5wvi7nf v1gwpc679ac88_gmail-q3lfd5jv v1gwpc679ac88_gmail-pk4s997a v1gwpc679ac88_gmail-bipmatt0 v1gwpc679ac88_gmail-cebpdrjk v1gwpc679ac88_gmail-qowsmv63 v1gwpc679ac88_gmail-owwhemhu v1gwpc679ac88_gmail-dp1hu0rb v1gwpc679ac88_gmail-dhp61c6y v1gwpc679ac88_gmail-iyyx5f41\">Zbli\u017ca si\u0119 kolejna rocznica zag\u0142ady getta w Starachowicach-Wierzbniku. Muzeum Przyrody i Techniki w Starachowicach zaprasza na kolejny Dzie\u0144 Pami\u0119ci po\u015bwi\u0119cony mieszka\u0144com naszego miasta zamordowanym w czasach Holokaustu. Naszym partnerem jest \u017bydowskie Muzeum Galicja. Zapraszamy do uczestnictwa w wydarzeniu.<\/span><\/div>\n<div><span class=\"v1gwpc679ac88_gmail-tojvnm2t v1gwpc679ac88_gmail-a6sixzi8 v1gwpc679ac88_gmail-abs2jz4q v1gwpc679ac88_gmail-a8s20v7p v1gwpc679ac88_gmail-t1p8iaqh v1gwpc679ac88_gmail-k5wvi7nf v1gwpc679ac88_gmail-q3lfd5jv v1gwpc679ac88_gmail-pk4s997a v1gwpc679ac88_gmail-bipmatt0 v1gwpc679ac88_gmail-cebpdrjk v1gwpc679ac88_gmail-qowsmv63 v1gwpc679ac88_gmail-owwhemhu v1gwpc679ac88_gmail-dp1hu0rb v1gwpc679ac88_gmail-dhp61c6y v1gwpc679ac88_gmail-iyyx5f41\">\u00a0<\/span><\/div>\n<div><span class=\"v1gwpc679ac88_gmail-tojvnm2t v1gwpc679ac88_gmail-a6sixzi8 v1gwpc679ac88_gmail-abs2jz4q v1gwpc679ac88_gmail-a8s20v7p v1gwpc679ac88_gmail-t1p8iaqh v1gwpc679ac88_gmail-k5wvi7nf v1gwpc679ac88_gmail-q3lfd5jv v1gwpc679ac88_gmail-pk4s997a v1gwpc679ac88_gmail-bipmatt0 v1gwpc679ac88_gmail-cebpdrjk v1gwpc679ac88_gmail-qowsmv63 v1gwpc679ac88_gmail-owwhemhu v1gwpc679ac88_gmail-dp1hu0rb v1gwpc679ac88_gmail-dhp61c6y v1gwpc679ac88_gmail-iyyx5f41\">Zapraszamy serdecznie ca\u0142\u0105 spo\u0142eczno\u015b\u0107 Uniwersytetu Trzeciego Wieku w Starachowicach. <br \/><\/span><\/div>\n<div><span class=\"v1gwpc679ac88_gmail-tojvnm2t v1gwpc679ac88_gmail-a6sixzi8 v1gwpc679ac88_gmail-abs2jz4q v1gwpc679ac88_gmail-a8s20v7p v1gwpc679ac88_gmail-t1p8iaqh v1gwpc679ac88_gmail-k5wvi7nf v1gwpc679ac88_gmail-q3lfd5jv v1gwpc679ac88_gmail-pk4s997a v1gwpc679ac88_gmail-bipmatt0 v1gwpc679ac88_gmail-cebpdrjk v1gwpc679ac88_gmail-qowsmv63 v1gwpc679ac88_gmail-owwhemhu v1gwpc679ac88_gmail-dp1hu0rb v1gwpc679ac88_gmail-dhp61c6y v1gwpc679ac88_gmail-iyyx5f41\">\u00a0<\/span><\/div>\n<p style=\"text-align: center;\"><span class=\"v1gwpc679ac88_gmail-tojvnm2t v1gwpc679ac88_gmail-a6sixzi8 v1gwpc679ac88_gmail-abs2jz4q v1gwpc679ac88_gmail-a8s20v7p v1gwpc679ac88_gmail-t1p8iaqh v1gwpc679ac88_gmail-k5wvi7nf v1gwpc679ac88_gmail-q3lfd5jv v1gwpc679ac88_gmail-pk4s997a v1gwpc679ac88_gmail-bipmatt0 v1gwpc679ac88_gmail-cebpdrjk v1gwpc679ac88_gmail-qowsmv63 v1gwpc679ac88_gmail-owwhemhu v1gwpc679ac88_gmail-dp1hu0rb v1gwpc679ac88_gmail-dhp61c6y v1gwpc679ac88_gmail-iyyx5f41\">W. Sobieraj<\/span><img decoding=\"async\" src=\"images\/246533705_4382283195142521_7299712411102816198_n1.jpg\" border=\"0\" width=\"512\" style=\"float: left;\" \/><\/p>\n","protected":false},"excerpt":{"rendered":"<p>Dzie\u0144 dobry, \u00a0 Dzie\u0144 Pami\u0119ci w 79 rocznic\u0119 Zag\u0142ady Getta w Starachowicach \u2013 Wierzbniku &#8211; 27 pa\u017adziernika 2021 r. &#8211; &hellip;<\/p>\n","protected":false},"author":3,"featured_media":0,"comment_status":"open","ping_status":"open","sticky":true,"template":"","format":"standard","meta":{"footnotes":""},"categories":[2],"tags":[],"_links":{"self":[{"href":"https:\/\/utwstarachowice.pl\/index.php?rest_route=\/wp\/v2\/posts\/854"}],"collection":[{"href":"https:\/\/utwstarachowice.pl\/index.php?rest_route=\/wp\/v2\/posts"}],"about":[{"href":"https:\/\/utwstarachowice.pl\/index.php?rest_route=\/wp\/v2\/types\/post"}],"author":[{"embeddable":true,"href":"https:\/\/utwstarachowice.pl\/index.php?rest_route=\/wp\/v2\/users\/3"}],"replies":[{"embeddable":true,"href":"https:\/\/utwstarachowice.pl\/index.php?rest_route=%2Fwp%2Fv2%2Fcomments&post=854"}],"version-history":[{"count":0,"href":"https:\/\/utwstarachowice.pl\/index.php?rest_route=\/wp\/v2\/posts\/854\/revisions"}],"wp:attachment":[{"href":"https:\/\/utwstarachowice.pl\/index.php?rest_route=%2Fwp%2Fv2%2Fmedia&parent=854"}],"wp:term":[{"taxonomy":"category","embeddable":true,"href":"https:\/\/utwstarachowice.pl\/index.php?rest_route=%2Fwp%2Fv2%2Fcategories&post=854"},{"taxonomy":"post_tag","embeddable":true,"href":"https:\/\/utwstarachowice.pl\/index.php?rest_route=%2Fwp%2Fv2%2Ftags&post=854"}],"curies":[{"name":"wp","href":"https:\/\/api.w.org\/{rel}","templated":true}]}}