{"id":830,"date":"2021-10-07T16:49:53","date_gmt":"2021-10-07T14:49:53","guid":{"rendered":"https:\/\/utwstarachowice.pl\/2021\/10\/07\/inauguracja-roku-akademickiego-2021-2022\/"},"modified":"2021-10-07T16:49:53","modified_gmt":"2021-10-07T14:49:53","slug":"inauguracja-roku-akademickiego-2021-2022","status":"publish","type":"post","link":"https:\/\/utwstarachowice.pl\/?p=830","title":{"rendered":"INAUGURACJA  ROKU AKADEMICKIEGO 2021\/2022"},"content":{"rendered":"<p style=\"text-align: left;\"><span style=\"font-size: medium;\">Uroczysto\u015bci zwi\u0105zane z rozpocz\u0119ciem nowego roku akademickiego odby\u0142y si\u0119 4 pa\u017adziernika o godzinie 10:00 w sali widowiskowo &#8211; kinowej Parku Kultury. To ju\u017c 14 &#8211; ty rok zaczynamy nowe zaj\u0119cia wspomnia\u0142 prezes UTW\u00a0 Jerzy Krawczyk i opowiedzia\u0142 jak b\u0119dzie wygl\u0105da\u0142 ten szczeg\u00f3lny rok w kt\u00f3rym zaj\u0119cia b\u0119d\u0105 si\u0119 odbywa\u0107 ju\u017c w formie stacjonarnej w salach wyk\u0142adowych. Poinformowa\u0142,\u017ce jest 200 -tu S\u0142uchaczy i\u00a0 rozpi\u0119to\u015b\u0107\u00a0 wiekowa mi\u0119dzy Seniorami na UTW\u00a0 wynosi 40lat. Najstarsza Uczestniczka ma 101 lat &#8211; Jadwiga Cwalina &#8211; Krajewska kt\u00f3ra zaszczyci\u0142a nas swoj\u0105 obecno\u015bci\u0105. Podczas uroczysto\u015bci prezes z\u0142o\u017cy\u0142 podzi\u0119kowania Sponsorom UTW i wr\u0119czy\u0142 statuetki Osobom przyjaznym naszej uczelni. Nowi S\u0142uchacze otrzymali te\u017c legitymacje cz\u0142onkowskie. Ca\u0142\u0105 uroczysto\u015b\u0107 u\u015bwietni\u0142 wyst\u0119p zespo\u0142u\u00a0 SREBRNE NUTY.<\/span><\/p>\n<p style=\"text-align: left;\"><span style=\"font-size: medium;\">Da Wszystkich S\u0142uchaczy UTW \u017cyczenia dobrego i zdrowego roku akademickiego 2021\/2022 od Zarz\u0105du i Samorz\u0105du Studenckiego.<\/span><\/p>\n<p style=\"text-align: center;\"><span style=\"font-size: medium;\"><img decoding=\"async\" class=\" size-full wp-image-342\" src=\"https:\/\/utwstarachowice.pl\/wp-content\/uploads\/2016\/11\/FB_IMG_1633578219651.jpg\" border=\"0\" width=\"512\" \/><\/span><\/p>\n<p style=\"text-align: center;\"><img decoding=\"async\" class=\" size-full wp-image-344\" src=\"https:\/\/utwstarachowice.pl\/wp-content\/uploads\/2016\/11\/FB_IMG_1633578373089.jpg\" border=\"0\" width=\"512\" \/><\/p>\n<p style=\"text-align: center;\"><img decoding=\"async\" class=\" size-full wp-image-338\" src=\"https:\/\/utwstarachowice.pl\/wp-content\/uploads\/2016\/11\/FB_IMG_1633578358435.jpg\" border=\"0\" width=\"512\" \/><\/p>\n<p style=\"text-align: center;\"><img decoding=\"async\" class=\" size-full wp-image-825\" src=\"https:\/\/utwstarachowice.pl\/wp-content\/uploads\/2021\/10\/IMG_18991-scaled.jpg\" border=\"0\" width=\"512\" \/><\/p>\n<p style=\"text-align: center;\"><img decoding=\"async\" src=\"images\/FB_IMG_1633578336850.jpg\" border=\"0\" width=\"512\" \/><\/p>\n<p style=\"text-align: center;\"><img decoding=\"async\" class=\" size-full wp-image-343\" src=\"https:\/\/utwstarachowice.pl\/wp-content\/uploads\/2016\/11\/FB_IMG_1633578326673.jpg\" border=\"0\" width=\"512\" \/><\/p>\n<p><img decoding=\"async\" class=\" size-full wp-image-826\" src=\"https:\/\/utwstarachowice.pl\/wp-content\/uploads\/2021\/10\/FB_IMG_1633578313037.jpg\" border=\"0\" width=\"512\" style=\"display: block; margin-left: auto; margin-right: auto;\" \/><img decoding=\"async\" class=\" size-full wp-image-827\" src=\"https:\/\/utwstarachowice.pl\/wp-content\/uploads\/2021\/10\/FB_IMG_1633578286437.jpg\" border=\"0\" width=\"512\" style=\"display: block; margin-left: auto; margin-right: auto;\" \/><\/p>\n<p><img decoding=\"async\" class=\" size-full wp-image-828\" src=\"https:\/\/utwstarachowice.pl\/wp-content\/uploads\/2021\/10\/FB_IMG_1633578260991.jpg\" border=\"0\" width=\"512\" style=\"display: block; margin-left: auto; margin-right: auto;\" \/><img decoding=\"async\" class=\" size-full wp-image-829\" src=\"https:\/\/utwstarachowice.pl\/wp-content\/uploads\/2021\/10\/FB_IMG_1633578250223.jpg\" border=\"0\" width=\"512\" style=\"display: block; margin-left: auto; margin-right: auto;\" \/><\/p>\n","protected":false},"excerpt":{"rendered":"<p>Uroczysto\u015bci zwi\u0105zane z rozpocz\u0119ciem nowego roku akademickiego odby\u0142y si\u0119 4 pa\u017adziernika o godzinie 10:00 w sali widowiskowo &#8211; kinowej Parku &hellip;<\/p>\n","protected":false},"author":3,"featured_media":342,"comment_status":"open","ping_status":"open","sticky":true,"template":"","format":"standard","meta":{"footnotes":""},"categories":[2],"tags":[],"_links":{"self":[{"href":"https:\/\/utwstarachowice.pl\/index.php?rest_route=\/wp\/v2\/posts\/830"}],"collection":[{"href":"https:\/\/utwstarachowice.pl\/index.php?rest_route=\/wp\/v2\/posts"}],"about":[{"href":"https:\/\/utwstarachowice.pl\/index.php?rest_route=\/wp\/v2\/types\/post"}],"author":[{"embeddable":true,"href":"https:\/\/utwstarachowice.pl\/index.php?rest_route=\/wp\/v2\/users\/3"}],"replies":[{"embeddable":true,"href":"https:\/\/utwstarachowice.pl\/index.php?rest_route=%2Fwp%2Fv2%2Fcomments&post=830"}],"version-history":[{"count":0,"href":"https:\/\/utwstarachowice.pl\/index.php?rest_route=\/wp\/v2\/posts\/830\/revisions"}],"wp:featuredmedia":[{"embeddable":true,"href":"https:\/\/utwstarachowice.pl\/index.php?rest_route=\/"}],"wp:attachment":[{"href":"https:\/\/utwstarachowice.pl\/index.php?rest_route=%2Fwp%2Fv2%2Fmedia&parent=830"}],"wp:term":[{"taxonomy":"category","embeddable":true,"href":"https:\/\/utwstarachowice.pl\/index.php?rest_route=%2Fwp%2Fv2%2Fcategories&post=830"},{"taxonomy":"post_tag","embeddable":true,"href":"https:\/\/utwstarachowice.pl\/index.php?rest_route=%2Fwp%2Fv2%2Ftags&post=830"}],"curies":[{"name":"wp","href":"https:\/\/api.w.org\/{rel}","templated":true}]}}