{"id":823,"date":"2021-10-01T16:58:23","date_gmt":"2021-10-01T14:58:23","guid":{"rendered":"https:\/\/utwstarachowice.pl\/2021\/10\/01\/komunikaty-na-pazdziernik-2021r\/"},"modified":"2021-10-01T16:58:23","modified_gmt":"2021-10-01T14:58:23","slug":"komunikaty-na-pazdziernik-2021r","status":"publish","type":"post","link":"https:\/\/utwstarachowice.pl\/?p=823","title":{"rendered":"KOMUNIKATY NA PA\u0179DZIERNIK 2021r."},"content":{"rendered":"<p><span style=\"font-size: medium;\">08.10 &#8211; PIKNIK\u00a0 \u015aWI\u0118TOKRZYSKI &#8211; GODZ.15:00 &#8211; sala widowiskowa Parku Kultury &#8211; realizacja projektu UM.<\/span><\/p>\n<p><span style=\"font-size: medium;\">09.10 &#8211; Spacer edukacyjny &#8211; Na partyzanckim szlaku &#8211; wycieczka na Wykus &#8211; zbi\u00f3rka przystanek autobusowy na ul. Po\u0142udniowej &#8211; godz.10:00. Spacer prowadzi El\u017cbieta Durlej.<\/span><\/p>\n<p><span style=\"font-size: medium;\">09.10 &#8211; 20-lecie zespo\u0142u &#8222;WIARUSY&#8221; &#8211; godz.16:00 &#8211; sala widowiskowa Parku Kultury.\u00a0 <\/span><\/p>\n<p><span style=\"font-size: medium;\">11.10 &#8211; Wyk\u0142ad plenarny Dariusza D\u0105browskiego godz.11:00.<\/span><\/p>\n<p><span style=\"font-size: medium;\">12.10 &#8211; Sekcja literacka\u00a0 &#8211; wyk\u0142ad Doroty Kie\u0142ek pt.&#8221;\u017bycie elit\u00a0 w Polsce przed wybuchem II wojny \u015bwiatowej.<\/span><\/p>\n<p><span style=\"font-size: medium;\">13.10 &#8211; Wycieczka pieszo-autokarowa do Ka\u0142kowa , Nietuliska oraz zbiornika wodnego Wi\u00f3ry &#8211; realizacja projektu UM.<\/span><\/p>\n<p><span style=\"font-size: medium;\">16.10 &#8211; Spacer wok\u00f3\u0142 zbiornika wodnego Piachy po\u0142\u0105czony ze Sprz\u0105taniem \u015awiata oraz wsp\u00f3lnym ogniskiem. Zapewniamy :worki,r\u0119kawice oraz kie\u0142baski i pieczywo. Zbi\u00f3rka na\u00a0 parkingu przy zbiorniku o godz.10:00. Dojazd autobusem nr.5.<\/span><\/p>\n<p><span style=\"font-size: medium;\">18.10 &#8211; Wyk\u0142ad plenarny Jerzego Mi\u015bkiewicza &#8222;Starachowickie wodoci\u0105gi &#8211; historia i dzie\u0144 wsp\u00f3\u0142czesny&#8221;.<\/span><\/p>\n<p><span style=\"font-size: medium;\">23.10 &#8211; Zwiedzanie zak\u0142adu PERFOPOL &#8211; zbi\u00f3rka na parkingu przed zak\u0142adem ul. Radomska o godz.10:00.<\/span><\/p>\n<p><span style=\"font-size: medium;\">25.10 &#8211; Wyk\u0142ad Marcina Bednarczyka &#8211; Starachowice w oczach architekta\u00a0 miasta. <\/span><\/p>\n<p><span style=\"font-size: medium;\">30.10 &#8211; Spacer edukacyjny Al.Kardyna\u0142a Wyszy\u0144skiego &#8211; zbi\u00f3rka na przystanku przy ul. Targowej o godz.10:00, prowadzi El\u017cbieta Durlej.<\/span><\/p>\n<p><span style=\"font-size: medium;\">\u00a0<\/span><\/p>\n<p><span style=\"font-size: medium;\">\u00a0<\/span><\/p>\n<p><span style=\"font-size: medium;\">\u00a0<\/span><\/p>\n<p><span style=\"font-size: medium;\">\u00a0<\/span><\/p>\n<p><span style=\"font-size: medium;\">\u00a0<\/span><\/p>\n<p><span style=\"font-size: medium;\">\u00a0\u00a0\u00a0\u00a0\u00a0\u00a0\u00a0\u00a0\u00a0\u00a0\u00a0\u00a0\u00a0\u00a0 <br \/><\/span><\/p>\n","protected":false},"excerpt":{"rendered":"<p>08.10 &#8211; PIKNIK\u00a0 \u015aWI\u0118TOKRZYSKI &#8211; GODZ.15:00 &#8211; sala widowiskowa Parku Kultury &#8211; realizacja projektu UM. 09.10 &#8211; Spacer edukacyjny &#8211; &hellip;<\/p>\n","protected":false},"author":3,"featured_media":0,"comment_status":"open","ping_status":"open","sticky":true,"template":"","format":"standard","meta":{"footnotes":""},"categories":[2],"tags":[],"_links":{"self":[{"href":"https:\/\/utwstarachowice.pl\/index.php?rest_route=\/wp\/v2\/posts\/823"}],"collection":[{"href":"https:\/\/utwstarachowice.pl\/index.php?rest_route=\/wp\/v2\/posts"}],"about":[{"href":"https:\/\/utwstarachowice.pl\/index.php?rest_route=\/wp\/v2\/types\/post"}],"author":[{"embeddable":true,"href":"https:\/\/utwstarachowice.pl\/index.php?rest_route=\/wp\/v2\/users\/3"}],"replies":[{"embeddable":true,"href":"https:\/\/utwstarachowice.pl\/index.php?rest_route=%2Fwp%2Fv2%2Fcomments&post=823"}],"version-history":[{"count":0,"href":"https:\/\/utwstarachowice.pl\/index.php?rest_route=\/wp\/v2\/posts\/823\/revisions"}],"wp:attachment":[{"href":"https:\/\/utwstarachowice.pl\/index.php?rest_route=%2Fwp%2Fv2%2Fmedia&parent=823"}],"wp:term":[{"taxonomy":"category","embeddable":true,"href":"https:\/\/utwstarachowice.pl\/index.php?rest_route=%2Fwp%2Fv2%2Fcategories&post=823"},{"taxonomy":"post_tag","embeddable":true,"href":"https:\/\/utwstarachowice.pl\/index.php?rest_route=%2Fwp%2Fv2%2Ftags&post=823"}],"curies":[{"name":"wp","href":"https:\/\/api.w.org\/{rel}","templated":true}]}}