{"id":820,"date":"2021-09-30T20:43:45","date_gmt":"2021-09-30T18:43:45","guid":{"rendered":"https:\/\/utwstarachowice.pl\/2021\/09\/30\/obywatelski-parlament-seniorow\/"},"modified":"2021-09-30T20:43:45","modified_gmt":"2021-09-30T18:43:45","slug":"obywatelski-parlament-seniorow","status":"publish","type":"post","link":"https:\/\/utwstarachowice.pl\/?p=820","title":{"rendered":"OBYWATELSKI PARLAMENT SENIOR\u00d3W"},"content":{"rendered":"<div id=\"pg-3149-3\" class=\"panel-grid panel-no-style\">\n<div id=\"pgc-3149-3-0\" class=\"panel-grid-cell\">\n<div id=\"panel-3149-3-0-0\" class=\"so-panel widget widget_text panel-first-child panel-last-child\">\n<div class=\"panel-widget-style panel-widget-style-for-3149-3-0-0\">\n<h3 class=\"widget-title\">Jerzy Krawczyk<\/h3>\n<div class=\"textwidget\">\n<p>Przewodnicz\u0105cy \u015awi\u0119tokrzyskiej Delegatury OPS. Jest prezesem UTW w Starachowicach, za\u0142o\u017cycielem Sekcji Edukacji Obywatelskiej, pomys\u0142odawc\u0105 i wsp\u00f3\u0142autorem Projektu \u201e Spo\u0142eczno\u015bciowy Ogr\u00f3d UTW&#8221;, kt\u00f3ry uzyska\u0142 nagrod\u0119 g\u0142\u00f3wn\u0105 Fundacji \u201eZiemia i Ludzie&#8221; jako wz\u00f3r pozytywnych praktyk UTW. Jerzy Krawczyk jest kole\u017ce\u0144ski i obowi\u0105zkowy, da\u0142 si\u0119 nam pozna\u0107 jako dobry organizator, zawsze uwa\u017cnie ws\u0142uchuje si\u0119 w potrzeby innych ludzi. Nawi\u0105za\u0142 wiele ciekawych i warto\u015bciowych kontakt\u00f3w z osobami zas\u0142u\u017conymi dla naszego miasta i regionu.<\/p>\n<p>kontakt: e-mail <a href=\"mailto:jerzy-krawczyk@O2.pl\" rel=\"noreferrer\">jerzy-krawczyk@O2.pl<\/a>,\u00a0 tel.\u00a0 506 428 797<\/p>\n<\/div>\n<\/div>\n<\/div>\n<\/div>\n<\/div>\n<div id=\"pg-3149-4\" class=\"panel-grid panel-no-style\">\n<div id=\"pgc-3149-4-0\" class=\"panel-grid-cell\">\n<div id=\"panel-3149-4-0-0\" class=\"so-panel widget widget_text panel-first-child panel-last-child\">\n<div class=\"panel-widget-style panel-widget-style-for-3149-4-0-0\">\n<h3 class=\"widget-title\">Janina \u0141ucak<\/h3>\n<div class=\"textwidget\">\n<p>Wiceprzewodnicz\u0105ca Prezydium \u015awi\u0119tokrzyskiej Delegatury Obywatelskiego Parlamentu Senior\u00f3w. Wykszta\u0142cenie wy\u017csze techniczne \u2013 in\u017cynier budownictwa. Po przej\u015bciu na emerytur\u0119 aktywnie pracuje spo\u0142ecznie na rzecz senior\u00f3w w Kielcach. W 2015 roku za\u0142o\u017cy\u0142a i zosta\u0142a prezesem Uniwersytetu Trzeciego Wieku \u201ePonad Czasem&#8221; W styczniu 2018 roku zosta\u0142a powo\u0142ana w sk\u0142ad Wojew\u00f3dzkiej Spo\u0142ecznej Rady Senior\u00f3w. Jej pasje to muzyka, taniec i \u015bpiew. Lubi tak\u017ce malowa\u0107 i fotografowa\u0107.\u00a0 Uwielbia podr\u00f3\u017ce.<\/p>\n<\/div>\n<\/div>\n<\/div>\n<\/div>\n<div id=\"pgc-3149-4-1\" class=\"panel-grid-cell\">\n<div id=\"panel-3149-4-1-0\" class=\"so-panel widget widget_text panel-first-child panel-last-child\">\n<div class=\"panel-widget-style panel-widget-style-for-3149-4-1-0\">\n<h3 class=\"widget-title\">Gra\u017cyna Szl\u0119k<\/h3>\n<div class=\"textwidget\">\n<p>Wiceprzewodnicz\u0105ca Prezydium \u015awi\u0119tokrzyskiej Delegatury Obywatelskiego Parlamentu Senior\u00f3w. Na emeryturze po\u015bwi\u0119ci\u0142a si\u0119 spo\u0142ecznej pracy na rzecz kultury i senior\u00f3w. Jest wiceprezesem w Staszowskim Towarzystwie Kulturalnym.\u00a0 W Staszowie prowadzi Uniwersytet Trzeciego Wieku. W 2020 roku zosta\u0142a powo\u0142ana\u00a0 w sk\u0142ad Rady Senior\u00f3w gdzie pe\u0142ni funkcj\u0119 sekretarza. Jej pasj\u0105 jest malarstwo. Uwielbia ksi\u0105\u017cki podr\u00f3\u017cnicze.<\/p>\n<p>\u00a0<\/p>\n<\/div>\n<\/div>\n<\/div>\n<\/div>\n<\/div>\n<div id=\"pg-3149-5\" class=\"panel-grid panel-no-style\">\n<div id=\"pgc-3149-5-0\" class=\"panel-grid-cell\">\n<div id=\"panel-3149-5-0-0\" class=\"so-panel widget widget_text panel-first-child panel-last-child\">\n<div class=\"panel-widget-style panel-widget-style-for-3149-5-0-0\">\n<h3 class=\"widget-title\">Anna Tokarska<\/h3>\n<div class=\"textwidget\">\n<p>Sekretarz Prezydium \u015awi\u0119tokrzyskiej Delegatury\u00a0 Obywatelskiego Parlamentu Senior\u00f3w. Wykszta\u0142cenie wy\u017csze techniczne.\u00a0 Jest bardzo aktywnym s\u0142uchaczem Uniwersytetu Trzeciego Wieku w Starachowicach gdzie pe\u0142ni funkcj\u0119 wiceprezesa zarz\u0105du.\u00a0 Ch\u0119tnie pomaga innym. Do\u015bwiadczenie zawodowe zdobyte mi\u0119dzy innymi w edukacji szkolnej umiej\u0119tnie wykorzystuje\u00a0 w planowaniu i prowadzeniu\u00a0\u00a0 zaj\u0119\u0107 z seniorami. Jest autork\u0105 wielu projekt\u00f3w w tym\u00a0 mi\u0119dzy innymi projektu \u201eTworzymy \u015awi\u0119tokrzysk\u0105 Delegatur\u0119 OPS&#8221;.<\/p>\n<\/div>\n<\/div>\n<\/div>\n<\/div>\n<div id=\"pgc-3149-5-1\" class=\"panel-grid-cell\">\n<div id=\"panel-3149-5-1-0\" class=\"so-panel widget widget_text panel-first-child panel-last-child\">\n<div class=\"panel-widget-style panel-widget-style-for-3149-5-1-0\">\n<h3 class=\"widget-title\">Jadwiga Kami\u0144ska<\/h3>\n<div class=\"textwidget\">\n<p>Cz\u0142onek Prezydium \u015awi\u0119tokrzyskiej Delegatury Obywatelskiego Parlamentu Senior\u00f3w. Wykszta\u0142cenie wy\u017csze. W 2008 roku broni rozpraw\u0119 doktorsk\u0105 i uzyskuje tytu\u0142 doktora nauk w kulturze fizycznej.\u00a0 Po przej\u015bciu na emerytur\u0119\u00a0 aktywnie pracuje spo\u0142ecznie w Uniwersytecie Trzeciego Wieku w \u0141agowie. Prowadzi z seniorami zaj\u0119cia, kt\u00f3re maj\u0105 pom\u00f3c w utrzymaniu sprawno\u015bci fizycznej. Jest wiceprezesem zarz\u0105du UTW w\u00a0 \u0141agowie.<\/p>\n<p>PREZYDIUM \u015aWI\u0118TOKRZYSKIEJ DELEGATURY\u00a0 OBYWATELSKIEGO PARLAMENTU SENIOR\u00d3W.<\/p>\n<\/div>\n<\/div>\n<\/div>\n<\/div>\n<\/div>\n<p>\u00a0\u00a0\u00a0 <img decoding=\"async\" class=\" size-full wp-image-346\" src=\"https:\/\/utwstarachowice.pl\/wp-content\/uploads\/2016\/11\/Prezydium.jpg\" border=\"0\" width=\"512\" style=\"display: block; margin-left: auto; margin-right: auto;\" \/><\/p>\n<p>Adres i kontakt:<\/p>\n<p>OBYWATELSKI PARLAMENT SENIOR\u00d3W<\/p>\n<p>04-779 WARSZAWA ul.Gruszy 32<\/p>\n<p>tel.+48 605 957 084, +48 697 066 829<\/p>\n<p>email: biuro@parlamentsenior\u00f3w.pl<\/p>\n<p>\u00a0<\/p>\n","protected":false},"excerpt":{"rendered":"<p>Jerzy Krawczyk Przewodnicz\u0105cy \u015awi\u0119tokrzyskiej Delegatury OPS. Jest prezesem UTW w Starachowicach, za\u0142o\u017cycielem Sekcji Edukacji Obywatelskiej, pomys\u0142odawc\u0105 i wsp\u00f3\u0142autorem Projektu \u201e &hellip;<\/p>\n","protected":false},"author":3,"featured_media":346,"comment_status":"open","ping_status":"open","sticky":true,"template":"","format":"standard","meta":{"footnotes":""},"categories":[2],"tags":[],"_links":{"self":[{"href":"https:\/\/utwstarachowice.pl\/index.php?rest_route=\/wp\/v2\/posts\/820"}],"collection":[{"href":"https:\/\/utwstarachowice.pl\/index.php?rest_route=\/wp\/v2\/posts"}],"about":[{"href":"https:\/\/utwstarachowice.pl\/index.php?rest_route=\/wp\/v2\/types\/post"}],"author":[{"embeddable":true,"href":"https:\/\/utwstarachowice.pl\/index.php?rest_route=\/wp\/v2\/users\/3"}],"replies":[{"embeddable":true,"href":"https:\/\/utwstarachowice.pl\/index.php?rest_route=%2Fwp%2Fv2%2Fcomments&post=820"}],"version-history":[{"count":0,"href":"https:\/\/utwstarachowice.pl\/index.php?rest_route=\/wp\/v2\/posts\/820\/revisions"}],"wp:featuredmedia":[{"embeddable":true,"href":"https:\/\/utwstarachowice.pl\/index.php?rest_route=\/"}],"wp:attachment":[{"href":"https:\/\/utwstarachowice.pl\/index.php?rest_route=%2Fwp%2Fv2%2Fmedia&parent=820"}],"wp:term":[{"taxonomy":"category","embeddable":true,"href":"https:\/\/utwstarachowice.pl\/index.php?rest_route=%2Fwp%2Fv2%2Fcategories&post=820"},{"taxonomy":"post_tag","embeddable":true,"href":"https:\/\/utwstarachowice.pl\/index.php?rest_route=%2Fwp%2Fv2%2Ftags&post=820"}],"curies":[{"name":"wp","href":"https:\/\/api.w.org\/{rel}","templated":true}]}}