{"id":811,"date":"2021-09-17T15:46:59","date_gmt":"2021-09-17T13:46:59","guid":{"rendered":"https:\/\/utwstarachowice.pl\/2021\/09\/17\/informacja-dotyczy-dnia-seniora\/"},"modified":"2021-09-17T15:46:59","modified_gmt":"2021-09-17T13:46:59","slug":"informacja-dotyczy-dnia-seniora","status":"publish","type":"post","link":"https:\/\/utwstarachowice.pl\/?p=811","title":{"rendered":"INFORMACJA DOTYCZY DNIA SENIORA"},"content":{"rendered":"<p><span style=\"font-size: medium;\">VII Starachowicki Dzie\u0144 Seniora przeniesiony do sali widowiskowo-kinowej Parku Kultury&#8221;<\/span><\/p>\n<p><span style=\"font-size: medium;\">W zwi\u0105zku z prognozowan\u0105 pogod\u0105 zosta\u0142a podj\u0119ta decyzja o przeniesieniu obchod\u00f3w VII Starachowickiego Dnia Seniora, kt\u00f3ry odb\u0119dzie si\u0119 w dniu 19 wrze\u015bnia br. z Amfiteatru Parku Miejskiego do sali widowiskowo-kinowej Parku Kultury przy ul. Radomskiej 21.<\/span><\/p>\n<p><span style=\"font-size: medium;\">Godzina 15:00 &#8211; 17:00\u00a0 Wyst\u0119py senior\u00f3w<\/span><\/p>\n<p><span style=\"font-size: medium;\">Od godziny 17:00\u00a0 koncert zespo\u0142u Ch\u0142opcy z Parku &#8222;Przeboje z dawnych lat&#8221;<\/span><\/p>\n<p><span style=\"font-size: medium;\">Barwny Korow\u00f3d Senior\u00f3w przejdzie alejkami Parku Miejskiego &#8211; zbi\u00f3rka przed budynkiem Parku Kultury o godz. 14:15 (w przypadku ulewnego deszczu marsz nie odb\u0119dzie si\u0119)<\/span><\/p>\n","protected":false},"excerpt":{"rendered":"<p>VII Starachowicki Dzie\u0144 Seniora przeniesiony do sali widowiskowo-kinowej Parku Kultury&#8221; W zwi\u0105zku z prognozowan\u0105 pogod\u0105 zosta\u0142a podj\u0119ta decyzja o przeniesieniu &hellip;<\/p>\n","protected":false},"author":3,"featured_media":0,"comment_status":"open","ping_status":"open","sticky":true,"template":"","format":"standard","meta":{"footnotes":""},"categories":[1],"tags":[],"_links":{"self":[{"href":"https:\/\/utwstarachowice.pl\/index.php?rest_route=\/wp\/v2\/posts\/811"}],"collection":[{"href":"https:\/\/utwstarachowice.pl\/index.php?rest_route=\/wp\/v2\/posts"}],"about":[{"href":"https:\/\/utwstarachowice.pl\/index.php?rest_route=\/wp\/v2\/types\/post"}],"author":[{"embeddable":true,"href":"https:\/\/utwstarachowice.pl\/index.php?rest_route=\/wp\/v2\/users\/3"}],"replies":[{"embeddable":true,"href":"https:\/\/utwstarachowice.pl\/index.php?rest_route=%2Fwp%2Fv2%2Fcomments&post=811"}],"version-history":[{"count":0,"href":"https:\/\/utwstarachowice.pl\/index.php?rest_route=\/wp\/v2\/posts\/811\/revisions"}],"wp:attachment":[{"href":"https:\/\/utwstarachowice.pl\/index.php?rest_route=%2Fwp%2Fv2%2Fmedia&parent=811"}],"wp:term":[{"taxonomy":"category","embeddable":true,"href":"https:\/\/utwstarachowice.pl\/index.php?rest_route=%2Fwp%2Fv2%2Fcategories&post=811"},{"taxonomy":"post_tag","embeddable":true,"href":"https:\/\/utwstarachowice.pl\/index.php?rest_route=%2Fwp%2Fv2%2Ftags&post=811"}],"curies":[{"name":"wp","href":"https:\/\/api.w.org\/{rel}","templated":true}]}}