{"id":809,"date":"2021-09-16T20:22:51","date_gmt":"2021-09-16T18:22:51","guid":{"rendered":"https:\/\/utwstarachowice.pl\/2021\/09\/16\/xii-rajd-nordic-walking\/"},"modified":"2021-09-16T20:22:51","modified_gmt":"2021-09-16T18:22:51","slug":"xii-rajd-nordic-walking","status":"publish","type":"post","link":"https:\/\/utwstarachowice.pl\/?p=809","title":{"rendered":"XII RAJD NORDIC WALKING"},"content":{"rendered":"<p><span style=\"color: #008000; font-size: medium;\">W dniu 13.10.2021 odb\u0119dzie si\u0119 XII RAJD NORDIC WALKING z projektu finansowanego ze \u015brodk\u00f3w Gminy Starachowice. Zapisy prowadzone s\u0105 w biurze UTW. Projekt napisany przez UL\u0118 FIA\u0141EK i WIESI\u0118 P\u0118CZEK.<\/span><\/p>\n<table style=\"width: 503px;\" border=\"0\" cellspacing=\"0\" cellpadding=\"0\">\n<colgroup>\n<col width=\"42\" \/>\n<col width=\"85\" \/>\n<col width=\"87\" \/>\n<col width=\"289\" \/> <\/colgroup>\n<tbody>\n<tr>\n<td class=\"xl64\" colspan=\"4\" width=\"503\" height=\"64\"><span style=\"color: #008000; font-size: medium;\">PLAN\u00a0 XII\u00a0 RAJDU\u00a0 NORDIC\u00a0 WALKING\u00a0 UTW\u00a0 STARACHOWICE<\/span><\/td>\n<\/tr>\n<tr>\n<td class=\"xl69\" colspan=\"4\" width=\"503\" height=\"42\">\u00a0<\/td>\n<\/tr>\n<tr>\n<td class=\"xl66\" style=\"text-align: center;\" width=\"42\" height=\"61\"><strong>Lp.\u00a0<\/strong><\/td>\n<td class=\"xl65\" style=\"text-align: center;\" width=\"85\">Godzina\u00a0 rozpocz\u0119cia etapu<\/td>\n<td class=\"xl65\" style=\"text-align: center;\" width=\"87\">Godzina zako\u0144czenia etapu<\/td>\n<td class=\"xl66\" style=\"text-align: center;\" width=\"289\">Opis etapu<\/td>\n<\/tr>\n<tr>\n<td class=\"xl68\" height=\"40\">1.<\/td>\n<td class=\"xl67\">07:30<\/td>\n<td class=\"xl67\">08:00<\/td>\n<td class=\"xl63\" width=\"289\">Przejazd autokarem do Stykowa.<\/td>\n<\/tr>\n<tr>\n<td class=\"xl68\" height=\"40\">2.<\/td>\n<td class=\"xl67\">08:00<\/td>\n<td class=\"xl67\">08:30<\/td>\n<td class=\"xl63\" width=\"289\">Zwiedzanie Pracowni\u00a0 Stolarskiej Zak\u0142adu Aktywizacji Zawodowej.<\/td>\n<\/tr>\n<tr>\n<td class=\"xl68\" height=\"40\">3.<\/td>\n<td class=\"xl67\">08:30<\/td>\n<td class=\"xl67\">10:30<\/td>\n<td class=\"xl63\" width=\"289\">Marsz do Ka\u0142kowa 4km, droga\u00a0 na terenie lasu z niewielkim wzniesieniem.<\/td>\n<\/tr>\n<tr>\n<td class=\"xl68\" height=\"40\">4.<\/td>\n<td class=\"xl67\">10:30<\/td>\n<td class=\"xl67\">11:30<\/td>\n<td class=\"xl63\" width=\"289\">Zwiedzanie Pracowni Krawieckiej, Malarskiej i Gipsowni ZAZ.<\/td>\n<\/tr>\n<tr>\n<td class=\"xl68\" height=\"40\">5.<\/td>\n<td class=\"xl67\">11:30<\/td>\n<td class=\"xl67\">12:30<\/td>\n<td class=\"xl63\" width=\"289\">Czas wolny na posi\u0142ek i zwiedzanie Mini ZOO.<\/td>\n<\/tr>\n<tr>\n<td class=\"xl68\" height=\"40\">6.<\/td>\n<td class=\"xl67\">12:30<\/td>\n<td class=\"xl67\">13:30<\/td>\n<td class=\"xl63\" width=\"289\">Marsz do Zapory Wi\u00f3ry 2 km\u00a0<\/td>\n<\/tr>\n<tr>\n<td class=\"xl68\" height=\"60\">7.<\/td>\n<td class=\"xl67\">13:30<\/td>\n<td class=\"xl67\">14:30<\/td>\n<td class=\"xl63\" width=\"289\">Zwiedzanie zapory z pracownikiem zak\u0142adu Wody Polskie ( uzgodniony czas pogadanki\u00a0 40 min.).<\/td>\n<\/tr>\n<tr>\n<td class=\"xl68\" height=\"40\">8.<\/td>\n<td class=\"xl67\">14:30<\/td>\n<td class=\"xl67\">14:40<\/td>\n<td class=\"xl63\" width=\"289\">Przejazd autokarem do Do\u0142\u00f3w Biskupich.<\/td>\n<\/tr>\n<tr>\n<td class=\"xl68\" height=\"40\">9.<\/td>\n<td class=\"xl67\">14:40<\/td>\n<td class=\"xl67\">15:00<\/td>\n<td class=\"xl63\" width=\"289\">Zwiedzanie kamienio\u0142omu.<\/td>\n<\/tr>\n<tr>\n<td class=\"xl68\" height=\"40\">10.<\/td>\n<td class=\"xl67\">15:00<\/td>\n<td class=\"xl67\">15:15<\/td>\n<td class=\"xl63\" width=\"289\">Przejazd autokarem do Nietuliska.<\/td>\n<\/tr>\n<tr>\n<td class=\"xl68\" height=\"40\">11.<\/td>\n<td class=\"xl67\">15:15<\/td>\n<td class=\"xl67\">15:45<\/td>\n<td class=\"xl63\" width=\"289\">Zwiedzanie Walcowni.<\/td>\n<\/tr>\n<tr>\n<td class=\"xl68\" height=\"40\">12.<\/td>\n<td class=\"xl67\">15:45<\/td>\n<td class=\"xl67\">16:00<\/td>\n<td class=\"xl63\" width=\"289\">Przejazd autokarem do Kuczowa.<\/td>\n<\/tr>\n<tr>\n<td class=\"xl68\" height=\"40\">13.<\/td>\n<td class=\"xl67\">16:00<\/td>\n<td class=\"xl67\">17:00<\/td>\n<td class=\"xl63\" width=\"289\">Posi\u0142ek w &#8222;Karczmie u Jana&#8221;.<\/td>\n<\/tr>\n<tr>\n<td class=\"xl68\" height=\"40\">14.<\/td>\n<td class=\"xl67\">17:00<\/td>\n<td class=\"xl67\">17:30<\/td>\n<td class=\"xl63\" width=\"289\">\n<p>Powr\u00f3t do Starachowic.<\/p>\n<p>\u00a0<\/p>\n<p>\u00a0<\/p>\n<\/td>\n<\/tr>\n<tr>\n<td height=\"19\">\u00a0<\/td>\n<td>\u00a0<\/td>\n<td>\u00a0<\/td>\n<td>\u00a0<\/td>\n<\/tr>\n<tr>\n<td height=\"19\">\u00a0<\/td>\n<td colspan=\"3\">\u00a0<\/td>\n<\/tr>\n<tr>\n<td height=\"19\">\u00a0<\/td>\n<td>\u00a0<\/td>\n<td>\u00a0<\/td>\n<td>\u00a0<\/td>\n<\/tr>\n<\/tbody>\n<\/table>\n","protected":false},"excerpt":{"rendered":"<p>W dniu 13.10.2021 odb\u0119dzie si\u0119 XII RAJD NORDIC WALKING z projektu finansowanego ze \u015brodk\u00f3w Gminy Starachowice. Zapisy prowadzone s\u0105 w &hellip;<\/p>\n","protected":false},"author":3,"featured_media":0,"comment_status":"open","ping_status":"open","sticky":true,"template":"","format":"standard","meta":{"footnotes":""},"categories":[2],"tags":[],"_links":{"self":[{"href":"https:\/\/utwstarachowice.pl\/index.php?rest_route=\/wp\/v2\/posts\/809"}],"collection":[{"href":"https:\/\/utwstarachowice.pl\/index.php?rest_route=\/wp\/v2\/posts"}],"about":[{"href":"https:\/\/utwstarachowice.pl\/index.php?rest_route=\/wp\/v2\/types\/post"}],"author":[{"embeddable":true,"href":"https:\/\/utwstarachowice.pl\/index.php?rest_route=\/wp\/v2\/users\/3"}],"replies":[{"embeddable":true,"href":"https:\/\/utwstarachowice.pl\/index.php?rest_route=%2Fwp%2Fv2%2Fcomments&post=809"}],"version-history":[{"count":0,"href":"https:\/\/utwstarachowice.pl\/index.php?rest_route=\/wp\/v2\/posts\/809\/revisions"}],"wp:attachment":[{"href":"https:\/\/utwstarachowice.pl\/index.php?rest_route=%2Fwp%2Fv2%2Fmedia&parent=809"}],"wp:term":[{"taxonomy":"category","embeddable":true,"href":"https:\/\/utwstarachowice.pl\/index.php?rest_route=%2Fwp%2Fv2%2Fcategories&post=809"},{"taxonomy":"post_tag","embeddable":true,"href":"https:\/\/utwstarachowice.pl\/index.php?rest_route=%2Fwp%2Fv2%2Ftags&post=809"}],"curies":[{"name":"wp","href":"https:\/\/api.w.org\/{rel}","templated":true}]}}