{"id":796,"date":"2021-08-26T14:00:47","date_gmt":"2021-08-26T12:00:47","guid":{"rendered":"https:\/\/utwstarachowice.pl\/2021\/08\/26\/koncert-z-januszem-radkiem\/"},"modified":"2021-08-26T14:00:47","modified_gmt":"2021-08-26T12:00:47","slug":"koncert-z-januszem-radkiem","status":"publish","type":"post","link":"https:\/\/utwstarachowice.pl\/?p=796","title":{"rendered":"KONCERT Z JANUSZEM RADKIEM."},"content":{"rendered":"<p><span style=\"font-size: medium;\">Z uwagi na deszczow\u0105 pogod\u0119 koncert &#8222;PEJZA\u017b Z PIOSENK\u0104&#8221;, kt\u00f3ry mia\u0142 si\u0119 odby\u0107 27 sierpnia(pi\u0105tek) o godz.19:00 w Amfiteatrze Parku Miejskiego odb\u0119dzie si\u0119 w Parku Kultury w sali kinowej. Osoby wybieraj\u0105ce si\u0119 na ten wyst\u0119p musz\u0105 zabra\u0107 maseczki ochronne oraz paszporty o zaszczepieniu przeciw COVID-19. Spe\u0142niaj\u0105c te wymogi b\u0119dzie mog\u0142a uczestniczy\u0107 wi\u0119ksza ilo\u015b\u0107 os\u00f3b.Dla os\u00f3b zmotoryzowanych uwaga- ze wzgl\u0119du na modernizacj\u0119 placu przy Parku Kultury nie ma mo\u017cliwo\u015bci zaparkowania samochodu.<\/span><\/p>\n<p>\u00a0<\/p>\n","protected":false},"excerpt":{"rendered":"<p>Z uwagi na deszczow\u0105 pogod\u0119 koncert &#8222;PEJZA\u017b Z PIOSENK\u0104&#8221;, kt\u00f3ry mia\u0142 si\u0119 odby\u0107 27 sierpnia(pi\u0105tek) o godz.19:00 w Amfiteatrze Parku &hellip;<\/p>\n","protected":false},"author":3,"featured_media":0,"comment_status":"open","ping_status":"open","sticky":true,"template":"","format":"standard","meta":{"footnotes":""},"categories":[1],"tags":[],"_links":{"self":[{"href":"https:\/\/utwstarachowice.pl\/index.php?rest_route=\/wp\/v2\/posts\/796"}],"collection":[{"href":"https:\/\/utwstarachowice.pl\/index.php?rest_route=\/wp\/v2\/posts"}],"about":[{"href":"https:\/\/utwstarachowice.pl\/index.php?rest_route=\/wp\/v2\/types\/post"}],"author":[{"embeddable":true,"href":"https:\/\/utwstarachowice.pl\/index.php?rest_route=\/wp\/v2\/users\/3"}],"replies":[{"embeddable":true,"href":"https:\/\/utwstarachowice.pl\/index.php?rest_route=%2Fwp%2Fv2%2Fcomments&post=796"}],"version-history":[{"count":0,"href":"https:\/\/utwstarachowice.pl\/index.php?rest_route=\/wp\/v2\/posts\/796\/revisions"}],"wp:attachment":[{"href":"https:\/\/utwstarachowice.pl\/index.php?rest_route=%2Fwp%2Fv2%2Fmedia&parent=796"}],"wp:term":[{"taxonomy":"category","embeddable":true,"href":"https:\/\/utwstarachowice.pl\/index.php?rest_route=%2Fwp%2Fv2%2Fcategories&post=796"},{"taxonomy":"post_tag","embeddable":true,"href":"https:\/\/utwstarachowice.pl\/index.php?rest_route=%2Fwp%2Fv2%2Ftags&post=796"}],"curies":[{"name":"wp","href":"https:\/\/api.w.org\/{rel}","templated":true}]}}