{"id":786,"date":"2021-08-11T14:17:08","date_gmt":"2021-08-11T12:17:08","guid":{"rendered":"https:\/\/utwstarachowice.pl\/2021\/08\/11\/zaproszenie-koncert-waly-jagiellonskie\/"},"modified":"2021-08-11T14:17:08","modified_gmt":"2021-08-11T12:17:08","slug":"zaproszenie-koncert-waly-jagiellonskie","status":"publish","type":"post","link":"https:\/\/utwstarachowice.pl\/?p=786","title":{"rendered":"ZAPROSZENIE -KONCERT -WA\u0141Y JAGIELLO\u0143SKIE"},"content":{"rendered":"<p class=\"v1MsoNormal\">Targi Kielce nie zapominaj\u0105 o seniorach. Targi Seniora i Mi\u0119dzypokoleniowy Bal Seniora to dopiero pocz\u0105tek! Tym razem mamy zaszczyt zaprosi\u0107 na koncert legendy polskiej sceny muzycznej i kabaretowej \u2013 zespo\u0142u <strong>Grzegorz Buka\u0142a i Wa\u0142y Jagiello\u0144skie+<\/strong> ju\u017c <strong>20 sierpnia<\/strong> w <strong>Targach Kielce<\/strong>!<\/p>\n<div class=\"v1moz-signature\">\n<p class=\"v1MsoNormal\">Z g\u0142o\u015bnik\u00f3w Centrum Kongresowego Targ\u00f3w Kielce wybrzmi\u0105 najbardziej znane przeboje z gatunku piosenki studenckiej.<\/p>\n<p class=\"v1MsoNormal\">Dodatkowo, specjalnie dla fan\u00f3w Wa\u0142\u00f3w Jagiello\u0144ski, b\u0119dzie mo\u017cna spotka\u0107 si\u0119 z cz\u0142onkami zespo\u0142u i porozmawia\u0107, przy kawie lub herbacie, o muzyce i nie tylko. Zesp\u00f3\u0142 b\u0119dzie dost\u0119pny dla wszystkich zainteresowanych.<\/p>\n<p class=\"v1MsoNormal\">Bilet mo\u017cna kupi\u0107 przez stron\u0119\u00a0 <strong>ticket.targikielce.pl<\/strong> \u00a0 oraz pod numerem telefonu :\u00a0 <strong>797 339 427<\/strong>.<\/p>\n<p class=\"v1MsoNormal\">CENY BILET\u00d3W :50z\u0142 \u00a0\u00a0\u00a0\u00a0\u00a0\u00a0\u00a0\u00a0\u00a0\u00a0\u00a0\u00a0\u00a0\u00a0\u00a0\u00a0\u00a0\u00a0\u00a0\u00a0\u00a0 <\/p>\n<p class=\"v1MsoNormal\"><span style=\"color: #21c729;\"><strong>Z tej okazji przygotowali\u015bmy specjalnie dla Was ofert\u0119 promocyjn\u0105. Przy zakupie minimum 10 bilet\u00f3w cena spada do<\/strong><strong> 30z\u0142 <\/strong><strong>za osob\u0119.<\/strong><\/span><\/p>\n<p><span style=\"text-decoration: underline;\">W przypadku pyta\u0144 pozostaj\u0119 do dyspozycji i zapraszam do kontaktu. <br \/> <\/span><\/div>\n<div class=\"v1moz-signature\"><span style=\"text-decoration: underline;\"><br \/> <\/span><\/div>\n<div class=\"v1moz-signature\"><span style=\"text-decoration: underline;\"><br \/> <\/span><\/div>\n<div class=\"v1moz-signature\">\u00a0<\/div>\n<p>&#8212;&#8212;&#8212;&#8211;<br \/> Pozdrawiam<\/p>\n<p> <strong>Martyna Nowak<\/strong><em><br \/> Pracownik ds. organizacji konferencji i koncert\u00f3w <\/p>\n<p> kom. 797 339 427<br \/> e-mail: <a href=\"mailto:nowak.martyna@targikielce.pl\" rel=\"noreferrer\">nowak.martyna@targikielce.pl<\/a><br \/> <a href=\"http:\/\/www.targikielce.pl\" target=\"_blank\" rel=\"noreferrer noopener\">www.targikielce.pl<\/a><br \/> <a href=\"http:\/\/www.kielcekonferencje.pl\" target=\"_blank\" rel=\"noreferrer noopener\">www.kielcekonferencje.pl<\/a><\/p>\n<p> <\/em><\/p>\n","protected":false},"excerpt":{"rendered":"<p>Targi Kielce nie zapominaj\u0105 o seniorach. Targi Seniora i Mi\u0119dzypokoleniowy Bal Seniora to dopiero pocz\u0105tek! Tym razem mamy zaszczyt zaprosi\u0107 &hellip;<\/p>\n","protected":false},"author":3,"featured_media":0,"comment_status":"open","ping_status":"open","sticky":true,"template":"","format":"standard","meta":{"footnotes":""},"categories":[2],"tags":[],"_links":{"self":[{"href":"https:\/\/utwstarachowice.pl\/index.php?rest_route=\/wp\/v2\/posts\/786"}],"collection":[{"href":"https:\/\/utwstarachowice.pl\/index.php?rest_route=\/wp\/v2\/posts"}],"about":[{"href":"https:\/\/utwstarachowice.pl\/index.php?rest_route=\/wp\/v2\/types\/post"}],"author":[{"embeddable":true,"href":"https:\/\/utwstarachowice.pl\/index.php?rest_route=\/wp\/v2\/users\/3"}],"replies":[{"embeddable":true,"href":"https:\/\/utwstarachowice.pl\/index.php?rest_route=%2Fwp%2Fv2%2Fcomments&post=786"}],"version-history":[{"count":0,"href":"https:\/\/utwstarachowice.pl\/index.php?rest_route=\/wp\/v2\/posts\/786\/revisions"}],"wp:attachment":[{"href":"https:\/\/utwstarachowice.pl\/index.php?rest_route=%2Fwp%2Fv2%2Fmedia&parent=786"}],"wp:term":[{"taxonomy":"category","embeddable":true,"href":"https:\/\/utwstarachowice.pl\/index.php?rest_route=%2Fwp%2Fv2%2Fcategories&post=786"},{"taxonomy":"post_tag","embeddable":true,"href":"https:\/\/utwstarachowice.pl\/index.php?rest_route=%2Fwp%2Fv2%2Ftags&post=786"}],"curies":[{"name":"wp","href":"https:\/\/api.w.org\/{rel}","templated":true}]}}