{"id":785,"date":"2021-08-10T18:47:37","date_gmt":"2021-08-10T16:47:37","guid":{"rendered":"https:\/\/utwstarachowice.pl\/2021\/08\/10\/park-kultury-14-i-15-sierpnia\/"},"modified":"2021-08-10T18:47:37","modified_gmt":"2021-08-10T16:47:37","slug":"park-kultury-14-i-15-sierpnia","status":"publish","type":"post","link":"https:\/\/utwstarachowice.pl\/?p=785","title":{"rendered":"PARK KULTURY -14 i 15  SIERPNIA"},"content":{"rendered":"<p><span style=\"font-size: medium;\">Zapraszamy na wsp\u00f3lne obchody \u015awi\u0119ta Wojska Polskiego. <\/span><\/p>\n<p><span style=\"font-size: medium;\"> Sobota &#8211; 14 sierpnia od godz. 12.00 do 18.00 &#8211; na placu obok Amfiteatru w Parku Miejskim b\u0119dzie mo\u017cna obejrze\u0107 wystaw\u0119 przygotowan\u0105 przez stowarzyszenie Kombatant\u00f3w Misji Pokojowych ONZ, a tak\u017ce posterunek obserwacyjny i w\u00f3z dowodzenia w barwach UN.<\/span><\/p>\n<p><span style=\"font-size: medium;\"> Poni\u017cej program niedzielnych uroczysto\u015bci:<\/span><\/p>\n<p><span style=\"font-size: medium;\"> 11:45 &#8211; Zbi\u00f3rka poczt\u00f3w sztandarowych na placu przed ko\u015bcio\u0142em pw. Wszystkich \u015awi\u0119tych w Starachowicach (ul. \u015awi\u0119tej Barbary 1)<\/span><br \/><span style=\"font-size: medium;\"> 12:00 &#8211; Uroczysta Msza \u015awi\u0119ta w intencji Ojczyzny w Ko\u015bciele pw. Wszystkich \u015awi\u0119tych w Starachowicach (ul. \u015awi\u0119tej Barbary 1)<\/span><br \/><span style=\"font-size: medium;\"> 13:00 &#8211; Przemarsz pod Pomnik Niepodleg\u0142o\u015bci<\/span><br \/><span style=\"font-size: medium;\"> 13:10 &#8211; 14:10 &#8211; Uroczysto\u015bci pod Pomnikiem Niepodleg\u0142o\u015bci<\/span><br \/><span style=\"font-size: medium;\"> 14:10 &#8211; Zako\u0144czenie uroczysto\u015bci<\/span><\/p>\n<p><span style=\"font-size: medium;\"> \u25fe\ufe0f &#8221;\u017bo\u0142nierska nuta&#8221; \u25fe\ufe0f<\/span><br \/><span style=\"font-size: medium;\"> (Amfiteatr w Parku Miejskim)<\/span><br \/><span style=\"font-size: medium;\"> 17:00 &#8211; Koncert zespo\u0142u Wiarusy<\/span><br \/><span style=\"font-size: medium;\"> 18:00 &#8211; Koncert Marsza\u0142kowskiej Orkiestry D\u0119tej<\/span><br \/><span style=\"font-size: medium;\"> Program uroczysto\u015bci mo\u017ce ulec zmianie we wzgl\u0119du na sytuacj\u0119 pandemiczn\u0105.<\/span><\/p>\n<p><span style=\"font-size: medium;\"> Zesp\u00f3\u0142 Wiarusy powsta\u0142 z inicjatywy cz\u0142onk\u00f3w klubu \u017co\u0142nierzy rezerwy Ligii Obrony Kraju. Zesp\u00f3l jest laureatem licznych konkurs\u00f3w piosenki \u017co\u0142nierskiej, koncertowa\u0142 m.in. na Litwie i Ukrainie. Obecnie zesp\u00f3\u0142 liczy 8 cz\u0142onk\u00f3w, a dzia\u0142aj\u0105 pod kierownictwem Dariusza Dygasa &#8211; El\u017cbieta Tokarska, Krzysztof Sarzy\u0144ski, Maciej Bachurski, Maciej Jagie\u0142o, Karol Cygan, Zbigniew J\u0119drzejczyk, Dariusz Grunt.<\/span><\/p>\n<p><span style=\"font-size: medium;\"> \u00a0Marsza\u0142kowska Orkiestra D\u0119ta powsta\u0142a z inicjatywy marsza\u0142ka Andrzeja B\u0119tkowskiego i wicemarsza\u0142ek Renaty Janik w 2020 roku. W jej sk\u0142ad wchodzi 18 muzyk\u00f3w: z Filharmonii \u015awi\u0119tokrzyskiej, wyk\u0142adowcy akademiccy i uczniowie ostatnich klas szko\u0142y muzycznej.<\/span><br \/><span style=\"font-size: medium;\"> Orkiestra d\u0119ta nawi\u0105zuje do najlepszych tradycji orkiestr d\u0119tych, kt\u00f3re dzia\u0142a\u0142y w miastach daj\u0105c mieszka\u0144com rado\u015b\u0107 i bezp\u0142atn\u0105 atrakcyjn\u0105 ofert\u0119 kulturaln\u0105. Marsza\u0142kowska Orkiestra d\u0119ta ma w swoim repertuarze brawurowe interpretacje muzyki filmowej, klasycznej i patriotycznej.<\/span><br \/><span style=\"font-size: medium;\"> Muzycy chc\u0105 przekaza\u0107 swojemu miastu i regionowi \u015bwi\u0119tokrzyskiemu cykl bezp\u0142atnych koncert\u00f3w z okazji \u015bwi\u0105t pa\u0144stwowych, rocznicowych, wakacyjnych podwieczork\u00f3w, koncert\u00f3w promenadowych.<\/span><br \/><span style=\"font-size: medium;\"> Orkiestra ma wspania\u0142e mundury galowe nawi\u0105zuj\u0105ce stylistyk\u0105<\/span><br \/><span style=\"font-size: medium;\"> kolorystyczn\u0105 do mundur\u00f3w legionowych oraz Kawalerii stworzonej przez W\u0142adys\u0142awa \u2013 Belina \u2013 Pra\u017cmowskiego.<\/span><br \/><span style=\"font-size: medium;\"> O powrocie do \u201e \u0142ask orkiestr d\u0119tych\u201d niech \u015bwiadczy cho\u0107by przyk\u0142ad, \u017ce najlepsza orkiestra w Polsce Sinfonia Varsovia stworzy\u0142a osobny zesp\u00f3\u0142 kameralny Sinfonia Varsovia Brass.<\/span><\/p>\n<p><span style=\"font-size: medium;\"> Zapraszamy. <\/span><\/p>\n<p><\/p>\n","protected":false},"excerpt":{"rendered":"<p>Zapraszamy na wsp\u00f3lne obchody \u015awi\u0119ta Wojska Polskiego. Sobota &#8211; 14 sierpnia od godz. 12.00 do 18.00 &#8211; na placu obok &hellip;<\/p>\n","protected":false},"author":3,"featured_media":0,"comment_status":"open","ping_status":"open","sticky":true,"template":"","format":"standard","meta":{"footnotes":""},"categories":[2],"tags":[],"_links":{"self":[{"href":"https:\/\/utwstarachowice.pl\/index.php?rest_route=\/wp\/v2\/posts\/785"}],"collection":[{"href":"https:\/\/utwstarachowice.pl\/index.php?rest_route=\/wp\/v2\/posts"}],"about":[{"href":"https:\/\/utwstarachowice.pl\/index.php?rest_route=\/wp\/v2\/types\/post"}],"author":[{"embeddable":true,"href":"https:\/\/utwstarachowice.pl\/index.php?rest_route=\/wp\/v2\/users\/3"}],"replies":[{"embeddable":true,"href":"https:\/\/utwstarachowice.pl\/index.php?rest_route=%2Fwp%2Fv2%2Fcomments&post=785"}],"version-history":[{"count":0,"href":"https:\/\/utwstarachowice.pl\/index.php?rest_route=\/wp\/v2\/posts\/785\/revisions"}],"wp:attachment":[{"href":"https:\/\/utwstarachowice.pl\/index.php?rest_route=%2Fwp%2Fv2%2Fmedia&parent=785"}],"wp:term":[{"taxonomy":"category","embeddable":true,"href":"https:\/\/utwstarachowice.pl\/index.php?rest_route=%2Fwp%2Fv2%2Fcategories&post=785"},{"taxonomy":"post_tag","embeddable":true,"href":"https:\/\/utwstarachowice.pl\/index.php?rest_route=%2Fwp%2Fv2%2Ftags&post=785"}],"curies":[{"name":"wp","href":"https:\/\/api.w.org\/{rel}","templated":true}]}}