{"id":784,"date":"2021-08-09T14:51:41","date_gmt":"2021-08-09T12:51:41","guid":{"rendered":"https:\/\/utwstarachowice.pl\/2021\/08\/09\/park-kultury-popoludnie-ze-straussem\/"},"modified":"2021-08-09T14:51:41","modified_gmt":"2021-08-09T12:51:41","slug":"park-kultury-popoludnie-ze-straussem","status":"publish","type":"post","link":"https:\/\/utwstarachowice.pl\/?p=784","title":{"rendered":"PARK KULTURY -POPO\u0141UDNIE ZE STRAUSSEM"},"content":{"rendered":"<p><span style=\"font-size: medium;\">Zapraszamy na muzyczne &#8222;Popo\u0142udnie ze Straussem&#8221; &#8211; 14 sierpnia (sobota) o godzinie 18.00 w Amfiteatrze Parku Miejskiego wyst\u0105pi zesp\u00f3\u0142 Strauss Ensemble pod kierunkiem Artura Jaronia.<\/span><br \/><span style=\"font-size: medium;\"> W programie koncertu us\u0142yszymy utwory J.Straussa, G.Winklera, E.Kalmana, F.Lehara, V.d&#8217;Orio, H.Ku\u017cniaka i innych.<\/span><br \/><span style=\"font-size: medium;\"> Zesp\u00f3\u0142 Strauss Ensemble to zesp\u00f3\u0142 z 20-letni\u0105 histori\u0105. Koncertuje na terenie ca\u0142ego kraju i za granic\u0105, bierze udzia\u0142 w presti\u017cowych imprezach okoliczno\u015bciowych spotkaniach, eventach.<\/span><br \/><span style=\"font-size: medium;\"> Strauss Ensemble jest zapraszany do udzia\u0142u w Mi\u0119dzynarodowym Festiwalu im. Jana Kiepury w Krynicy, Festiwalu \u201eMuzyka w Sandomierzu\u201d, Festiwalu im. Krystyny Jamroz w Busku-Zdroju, Dniach Kielc, \u201e\u015al\u0105skich Godach\u201d Katowicach. Wsp\u00f3\u0142pracuje z wybitnymi solistami-\u015bpiewakami: mi\u0119dzy innymi z Gra\u017cyn\u0105 Brodzi\u0144sk\u0105, Ma\u0142gorzat\u0105 D\u0142ugosz, Magdalen\u0105 Idzik, Bo\u017cen\u0105 Zawi\u015blak Dolny, Bogus\u0142awem Mork\u0105, Adamem Zdunikowskim czy Jackiem W\u00f3jcickim.<\/span><br \/><span style=\"font-size: medium;\"> Na koncert zapraszaj\u0105: Park Kultury oraz Specjalna Strefa Ekonomiczna &#8222;Starachowice&#8221;, wydarzenie pod patronatem pos\u0142a na Sejm Rzeczypospolitej Polskiej Krzysztof Lipiec.<\/span><\/p>\n<p><span style=\"font-size: medium;\"> Wst\u0119p na wydarzenie jest wolny.<\/span><\/p>\n<p>\u00a0<\/p>\n","protected":false},"excerpt":{"rendered":"<p>Zapraszamy na muzyczne &#8222;Popo\u0142udnie ze Straussem&#8221; &#8211; 14 sierpnia (sobota) o godzinie 18.00 w Amfiteatrze Parku Miejskiego wyst\u0105pi zesp\u00f3\u0142 Strauss &hellip;<\/p>\n","protected":false},"author":3,"featured_media":0,"comment_status":"open","ping_status":"open","sticky":true,"template":"","format":"standard","meta":{"footnotes":""},"categories":[2],"tags":[],"_links":{"self":[{"href":"https:\/\/utwstarachowice.pl\/index.php?rest_route=\/wp\/v2\/posts\/784"}],"collection":[{"href":"https:\/\/utwstarachowice.pl\/index.php?rest_route=\/wp\/v2\/posts"}],"about":[{"href":"https:\/\/utwstarachowice.pl\/index.php?rest_route=\/wp\/v2\/types\/post"}],"author":[{"embeddable":true,"href":"https:\/\/utwstarachowice.pl\/index.php?rest_route=\/wp\/v2\/users\/3"}],"replies":[{"embeddable":true,"href":"https:\/\/utwstarachowice.pl\/index.php?rest_route=%2Fwp%2Fv2%2Fcomments&post=784"}],"version-history":[{"count":0,"href":"https:\/\/utwstarachowice.pl\/index.php?rest_route=\/wp\/v2\/posts\/784\/revisions"}],"wp:attachment":[{"href":"https:\/\/utwstarachowice.pl\/index.php?rest_route=%2Fwp%2Fv2%2Fmedia&parent=784"}],"wp:term":[{"taxonomy":"category","embeddable":true,"href":"https:\/\/utwstarachowice.pl\/index.php?rest_route=%2Fwp%2Fv2%2Fcategories&post=784"},{"taxonomy":"post_tag","embeddable":true,"href":"https:\/\/utwstarachowice.pl\/index.php?rest_route=%2Fwp%2Fv2%2Ftags&post=784"}],"curies":[{"name":"wp","href":"https:\/\/api.w.org\/{rel}","templated":true}]}}