{"id":782,"date":"2021-08-06T12:06:45","date_gmt":"2021-08-06T10:06:45","guid":{"rendered":"https:\/\/utwstarachowice.pl\/2021\/08\/06\/koncert-fiesta-cubana\/"},"modified":"2021-08-06T12:06:45","modified_gmt":"2021-08-06T10:06:45","slug":"koncert-fiesta-cubana","status":"publish","type":"post","link":"https:\/\/utwstarachowice.pl\/?p=782","title":{"rendered":"KONCERT FIESTA  CUBANA"},"content":{"rendered":"<p><span style=\"font-size: medium;\">Zaplanowany na 6 sierpnia o godz.18:00 w AMFITEATRZE\u00a0 PARKU MIEJSKIEGO koncert zespo\u0142u kuba\u0144skiego FIESTA CUBANA\u00a0 odb\u0119dzie si\u0119 w PARKU KULTURY na sali widowiskowej. Data i godzina nie ulegaj\u0105 zmianie.<\/span><\/p>\n","protected":false},"excerpt":{"rendered":"<p>Zaplanowany na 6 sierpnia o godz.18:00 w AMFITEATRZE\u00a0 PARKU MIEJSKIEGO koncert zespo\u0142u kuba\u0144skiego FIESTA CUBANA\u00a0 odb\u0119dzie si\u0119 w PARKU KULTURY &hellip;<\/p>\n","protected":false},"author":3,"featured_media":0,"comment_status":"open","ping_status":"open","sticky":true,"template":"","format":"standard","meta":{"footnotes":""},"categories":[1],"tags":[],"_links":{"self":[{"href":"https:\/\/utwstarachowice.pl\/index.php?rest_route=\/wp\/v2\/posts\/782"}],"collection":[{"href":"https:\/\/utwstarachowice.pl\/index.php?rest_route=\/wp\/v2\/posts"}],"about":[{"href":"https:\/\/utwstarachowice.pl\/index.php?rest_route=\/wp\/v2\/types\/post"}],"author":[{"embeddable":true,"href":"https:\/\/utwstarachowice.pl\/index.php?rest_route=\/wp\/v2\/users\/3"}],"replies":[{"embeddable":true,"href":"https:\/\/utwstarachowice.pl\/index.php?rest_route=%2Fwp%2Fv2%2Fcomments&post=782"}],"version-history":[{"count":0,"href":"https:\/\/utwstarachowice.pl\/index.php?rest_route=\/wp\/v2\/posts\/782\/revisions"}],"wp:attachment":[{"href":"https:\/\/utwstarachowice.pl\/index.php?rest_route=%2Fwp%2Fv2%2Fmedia&parent=782"}],"wp:term":[{"taxonomy":"category","embeddable":true,"href":"https:\/\/utwstarachowice.pl\/index.php?rest_route=%2Fwp%2Fv2%2Fcategories&post=782"},{"taxonomy":"post_tag","embeddable":true,"href":"https:\/\/utwstarachowice.pl\/index.php?rest_route=%2Fwp%2Fv2%2Ftags&post=782"}],"curies":[{"name":"wp","href":"https:\/\/api.w.org\/{rel}","templated":true}]}}