{"id":772,"date":"2021-07-19T10:53:48","date_gmt":"2021-07-19T08:53:48","guid":{"rendered":"https:\/\/utwstarachowice.pl\/2021\/07\/19\/park-kultury-koncert-tomasza-kordeusza-i-jego-gosci\/"},"modified":"2021-07-19T10:53:48","modified_gmt":"2021-07-19T08:53:48","slug":"park-kultury-koncert-tomasza-kordeusza-i-jego-gosci","status":"publish","type":"post","link":"https:\/\/utwstarachowice.pl\/?p=772","title":{"rendered":"PARK KULTURY-KONCERT TOMASZA KORDEUSZA I JEGO GO\u015aCI."},"content":{"rendered":"<p><span style=\"font-size: large;\">25 lipca o godzinie 19.00 w Amfiteatrze Parku Miejskiego zabrzmi muzyka w wykonaniu Tomasza Kordeusza &#8211; jednego z najbardziej znanych starachowickich artyst\u00f3w, kt\u00f3ry na koncert do rodzinnego miasta zaprosi\u0142 znakomitych go\u015bci.<\/span><br \/><span style=\"font-size: large;\"> Tomasz Kordeusz jest autorem tekst\u00f3w i wykonawc\u0105 autorskich ballad, a tak\u017ce kompozytorem piosenek i muzyki ilustracyjnej dla potrzeb radia, telewizji, reklamy, autorem hase\u0142 reklamowych, scenariuszy imprez artystycznych, kampanii reklamowych i PR. Jego piosenki zdobywa\u0142y nagrody na wielu festiwalach i przegl\u0105dach w kraju i za granic\u0105, a napisany przez niego przeb\u00f3j \u201eMamy po 20 lat\u201d z muzyk\u0105 Aleksandra Maliszewskiego w wykonaniu Haliny Benedyk by\u0142 piosenk\u0105 roku 1987. Jako wykonawca jest laureatem wielu przegl\u0105d\u00f3w muzycznych, m.in. OPPA w 1983, 1986 i 2006, Studenckiego Festiwalu Piosenki w Krakowie, KRAM-u, PPA w My\u015bliborzu i wielu innych. W latach 1991-2001 rysowa\u0142 satyryczne komentarze w najwi\u0119kszym \u00f3wcze\u015bnie kieleckim dzienniku &#8211; \u201eS\u0142owo Ludu\u201d, pisa\u0142 tam r\u00f3wnie\u017c felietony i humoreski. By\u0142 wsp\u00f3\u0142za\u0142o\u017cycielem Radia MTM FM w Starachowicach, pierwszej rozg\u0142o\u015bni komercyjnej w mie\u015bcie, kierowa\u0142 tak\u017ce promocj\u0105 Radia Kielce SA. Tomasz Kordeusz pisze tak\u017ce dla dzieci &#8211; piosenki jego autorstwa &#8211; Ko\u0142ysanka dla misia, Hej, jask\u00f3\u0142eczko, Musimy wierzy\u0107 &#8211; zwyci\u0119\u017ca\u0142y w wielu konkursach w Polsce i za granic\u0105. W Internecie w czasie pandemii publikowa\u0142 cykl \u201eDomowy Album z Piosenkami\u201d, w kt\u00f3rym prezentowa\u0142 swoje ballady.<\/span><br \/><span style=\"font-size: large;\"> W jego dorobku tw\u00f3rczym jest ponad 200 piosenek, a na koncie ma wsp\u00f3\u0142prac\u0119 m.in. z Piotrem Salat\u0105, Markiem Terczem, Bronis\u0142awem Opa\u0142k\u0105, Mariol\u0105 Berg, zespo\u0142em Mafia.<\/span><br \/><span style=\"font-size: large;\"> \u201ePejza\u017c z piosenk\u0105\u201d to koncert autorski Tomasza Kordeusza gdzie obok starachowickiego artysty wyst\u0105pi\u0105 zaproszeni przez niego go\u015bcie: Antoni Muracki &#8211; go\u015b\u0107 specjalny, oraz znakomity zesp\u00f3\u0142 w sk\u0142adzie: Zbigniew Jakubek &#8211; piano &#8211; kierownictwo muzyczne, Tomasz Nowak &#8211; tr\u0105bka, flugelhorn, Norbert Pajek &#8211; gitara, Damian Niewi\u0144ski &#8211; perkusja, Jakub Koz\u0142owski &#8211; bass.<\/span><br \/><span style=\"font-size: large;\"> Wst\u0119p na koncert jest wolny, serdecznie zapraszamy!<\/span><\/p>\n","protected":false},"excerpt":{"rendered":"<p>25 lipca o godzinie 19.00 w Amfiteatrze Parku Miejskiego zabrzmi muzyka w wykonaniu Tomasza Kordeusza &#8211; jednego z najbardziej znanych &hellip;<\/p>\n","protected":false},"author":3,"featured_media":0,"comment_status":"open","ping_status":"open","sticky":true,"template":"","format":"standard","meta":{"footnotes":""},"categories":[2],"tags":[],"_links":{"self":[{"href":"https:\/\/utwstarachowice.pl\/index.php?rest_route=\/wp\/v2\/posts\/772"}],"collection":[{"href":"https:\/\/utwstarachowice.pl\/index.php?rest_route=\/wp\/v2\/posts"}],"about":[{"href":"https:\/\/utwstarachowice.pl\/index.php?rest_route=\/wp\/v2\/types\/post"}],"author":[{"embeddable":true,"href":"https:\/\/utwstarachowice.pl\/index.php?rest_route=\/wp\/v2\/users\/3"}],"replies":[{"embeddable":true,"href":"https:\/\/utwstarachowice.pl\/index.php?rest_route=%2Fwp%2Fv2%2Fcomments&post=772"}],"version-history":[{"count":0,"href":"https:\/\/utwstarachowice.pl\/index.php?rest_route=\/wp\/v2\/posts\/772\/revisions"}],"wp:attachment":[{"href":"https:\/\/utwstarachowice.pl\/index.php?rest_route=%2Fwp%2Fv2%2Fmedia&parent=772"}],"wp:term":[{"taxonomy":"category","embeddable":true,"href":"https:\/\/utwstarachowice.pl\/index.php?rest_route=%2Fwp%2Fv2%2Fcategories&post=772"},{"taxonomy":"post_tag","embeddable":true,"href":"https:\/\/utwstarachowice.pl\/index.php?rest_route=%2Fwp%2Fv2%2Ftags&post=772"}],"curies":[{"name":"wp","href":"https:\/\/api.w.org\/{rel}","templated":true}]}}