{"id":766,"date":"2021-07-05T16:42:48","date_gmt":"2021-07-05T14:42:48","guid":{"rendered":"https:\/\/utwstarachowice.pl\/2021\/07\/05\/zakonczenie-roku-akademickiego\/"},"modified":"2021-07-05T16:42:48","modified_gmt":"2021-07-05T14:42:48","slug":"zakonczenie-roku-akademickiego","status":"publish","type":"post","link":"https:\/\/utwstarachowice.pl\/?p=766","title":{"rendered":"ZAKO\u0143CZENIE  ROKU AKADEMICKIEGO."},"content":{"rendered":"<p><span style=\"color: #008000;\">Dnia 28 czerwca po Walnym Zebraniu Cz\u0142onk\u00f3w UTW odby\u0142y si\u0119 uroczysto\u015bci zwi\u0105zane z zako\u0144czeniem roku akademickiego. Nasz wspania\u0142y ch\u00f3r za\u015bpiewa\u0142 nam kilka piosenek wprowadzaj\u0105c nas ju\u017c w wakacyjny nastr\u00f3j. W imieniu Zarz\u0105du UTW Prezes JERZY KRAWCZYK z\u0142o\u017cy\u0142 Wszystkim S\u0142uchaczom \u017cyczenia mi\u0142ych, spokojnych wakacji.<\/span><\/p>\n<p style=\"text-align: center;\"><img decoding=\"async\" class=\" size-full wp-image-762\" src=\"https:\/\/utwstarachowice.pl\/wp-content\/uploads\/2021\/07\/IMG_0703-scaled.jpg\" border=\"0\" width=\"512\" \/><img decoding=\"async\" class=\" size-full wp-image-763\" src=\"https:\/\/utwstarachowice.pl\/wp-content\/uploads\/2021\/07\/IMG_0719-scaled.jpg\" border=\"0\" width=\"512\" style=\"display: block; margin-left: auto; margin-right: auto;\" \/><\/p>\n<p style=\"text-align: center;\"><img decoding=\"async\" class=\" size-full wp-image-764\" src=\"https:\/\/utwstarachowice.pl\/wp-content\/uploads\/2021\/07\/IMG_0713-scaled.jpg\" border=\"0\" width=\"512\" \/><\/p>\n<p><img decoding=\"async\" class=\" size-full wp-image-360\" src=\"https:\/\/utwstarachowice.pl\/wp-content\/uploads\/2016\/11\/IMG_06931-scaled.jpg\" border=\"0\" width=\"512\" style=\"display: block; margin-left: auto; margin-right: auto;\" \/><\/p>\n<p style=\"text-align: center;\"><img decoding=\"async\" class=\" size-full wp-image-765\" src=\"https:\/\/utwstarachowice.pl\/wp-content\/uploads\/2021\/07\/IMG_0700-scaled.jpg\" border=\"0\" width=\"512\" \/><\/p>\n","protected":false},"excerpt":{"rendered":"<p>Dnia 28 czerwca po Walnym Zebraniu Cz\u0142onk\u00f3w UTW odby\u0142y si\u0119 uroczysto\u015bci zwi\u0105zane z zako\u0144czeniem roku akademickiego. Nasz wspania\u0142y ch\u00f3r za\u015bpiewa\u0142 &hellip;<\/p>\n","protected":false},"author":3,"featured_media":762,"comment_status":"open","ping_status":"open","sticky":true,"template":"","format":"standard","meta":{"footnotes":""},"categories":[2],"tags":[],"_links":{"self":[{"href":"https:\/\/utwstarachowice.pl\/index.php?rest_route=\/wp\/v2\/posts\/766"}],"collection":[{"href":"https:\/\/utwstarachowice.pl\/index.php?rest_route=\/wp\/v2\/posts"}],"about":[{"href":"https:\/\/utwstarachowice.pl\/index.php?rest_route=\/wp\/v2\/types\/post"}],"author":[{"embeddable":true,"href":"https:\/\/utwstarachowice.pl\/index.php?rest_route=\/wp\/v2\/users\/3"}],"replies":[{"embeddable":true,"href":"https:\/\/utwstarachowice.pl\/index.php?rest_route=%2Fwp%2Fv2%2Fcomments&post=766"}],"version-history":[{"count":0,"href":"https:\/\/utwstarachowice.pl\/index.php?rest_route=\/wp\/v2\/posts\/766\/revisions"}],"wp:featuredmedia":[{"embeddable":true,"href":"https:\/\/utwstarachowice.pl\/index.php?rest_route=\/"}],"wp:attachment":[{"href":"https:\/\/utwstarachowice.pl\/index.php?rest_route=%2Fwp%2Fv2%2Fmedia&parent=766"}],"wp:term":[{"taxonomy":"category","embeddable":true,"href":"https:\/\/utwstarachowice.pl\/index.php?rest_route=%2Fwp%2Fv2%2Fcategories&post=766"},{"taxonomy":"post_tag","embeddable":true,"href":"https:\/\/utwstarachowice.pl\/index.php?rest_route=%2Fwp%2Fv2%2Ftags&post=766"}],"curies":[{"name":"wp","href":"https:\/\/api.w.org\/{rel}","templated":true}]}}