{"id":760,"date":"2021-06-29T08:57:19","date_gmt":"2021-06-29T06:57:19","guid":{"rendered":"https:\/\/utwstarachowice.pl\/2021\/06\/29\/tu-rodzila-sie-opozycja\/"},"modified":"2021-06-29T08:57:19","modified_gmt":"2021-06-29T06:57:19","slug":"tu-rodzila-sie-opozycja","status":"publish","type":"post","link":"https:\/\/utwstarachowice.pl\/?p=760","title":{"rendered":"TU RODZI\u0141A SI\u0118 OPOZYCJA"},"content":{"rendered":"<p><strong>Prezes Instytutu Pami\u0119ci Narodowej \u015acigania Zbrodni przeciwko Narodowi Polskiemu dr.Jaros\u0142aw Szarek ma zaszczyt zaprosi\u0107 na uroczyste otwarcie wystawy&#8221;TU RODZI\u0141A SI\u0118 OPOZYCJA&#8221;2 lipca o godz.12:00 plac pod\u00a0 Ska\u0142kami (skwer p.por Zdzis\u0142awa Rachtana Halnego).<\/strong><\/p>\n","protected":false},"excerpt":{"rendered":"<p>Prezes Instytutu Pami\u0119ci Narodowej \u015acigania Zbrodni przeciwko Narodowi Polskiemu dr.Jaros\u0142aw Szarek ma zaszczyt zaprosi\u0107 na uroczyste otwarcie wystawy&#8221;TU RODZI\u0141A SI\u0118 &hellip;<\/p>\n","protected":false},"author":3,"featured_media":0,"comment_status":"open","ping_status":"open","sticky":true,"template":"","format":"standard","meta":{"footnotes":""},"categories":[1],"tags":[],"_links":{"self":[{"href":"https:\/\/utwstarachowice.pl\/index.php?rest_route=\/wp\/v2\/posts\/760"}],"collection":[{"href":"https:\/\/utwstarachowice.pl\/index.php?rest_route=\/wp\/v2\/posts"}],"about":[{"href":"https:\/\/utwstarachowice.pl\/index.php?rest_route=\/wp\/v2\/types\/post"}],"author":[{"embeddable":true,"href":"https:\/\/utwstarachowice.pl\/index.php?rest_route=\/wp\/v2\/users\/3"}],"replies":[{"embeddable":true,"href":"https:\/\/utwstarachowice.pl\/index.php?rest_route=%2Fwp%2Fv2%2Fcomments&post=760"}],"version-history":[{"count":0,"href":"https:\/\/utwstarachowice.pl\/index.php?rest_route=\/wp\/v2\/posts\/760\/revisions"}],"wp:attachment":[{"href":"https:\/\/utwstarachowice.pl\/index.php?rest_route=%2Fwp%2Fv2%2Fmedia&parent=760"}],"wp:term":[{"taxonomy":"category","embeddable":true,"href":"https:\/\/utwstarachowice.pl\/index.php?rest_route=%2Fwp%2Fv2%2Fcategories&post=760"},{"taxonomy":"post_tag","embeddable":true,"href":"https:\/\/utwstarachowice.pl\/index.php?rest_route=%2Fwp%2Fv2%2Ftags&post=760"}],"curies":[{"name":"wp","href":"https:\/\/api.w.org\/{rel}","templated":true}]}}