{"id":759,"date":"2021-06-19T14:45:40","date_gmt":"2021-06-19T12:45:40","guid":{"rendered":"https:\/\/utwstarachowice.pl\/2021\/06\/19\/kondolencje-dla-anny-tokarskiej-wiceprezes-utw\/"},"modified":"2021-06-19T14:45:40","modified_gmt":"2021-06-19T12:45:40","slug":"kondolencje-dla-anny-tokarskiej-wiceprezes-utw","status":"publish","type":"post","link":"https:\/\/utwstarachowice.pl\/?p=759","title":{"rendered":"KONDOLENCJE DLA ANNY TOKARSKIEJ -WICEPREZES UTW"},"content":{"rendered":"<p><img decoding=\"async\" src=\"images\/FB_IMG_1618512006526.jpg\" border=\"0\" alt=\"\" \/><\/p>\n<p style=\"text-align: center;\"><span style=\"font-size: medium;\">W dniu 18 czerwca zmar\u0142 Sympatyk i Przyjaciel UTW, a jednocze\u015bnie M\u0105\u017c naszej Kole\u017canki Ani Tokarskiej.<\/span><\/p>\n<p style=\"text-align: center;\"><span style=\"font-size: medium;\">Aniu sk\u0142adamy Ci g\u0142\u0119bokie wyrazy wsp\u00f3\u0142czucia i \u0142\u0105czymy si\u0119 z Tob\u0105 w b\u00f3lu.<\/span><\/p>\n<p style=\"text-align: right;\"><span style=\"font-size: medium;\">Kole\u017canki i Koledzy z Uniwersytetu Trzeciego Wieku<\/span><\/p>\n","protected":false},"excerpt":{"rendered":"<p>W dniu 18 czerwca zmar\u0142 Sympatyk i Przyjaciel UTW, a jednocze\u015bnie M\u0105\u017c naszej Kole\u017canki Ani Tokarskiej. Aniu sk\u0142adamy Ci g\u0142\u0119bokie &hellip;<\/p>\n","protected":false},"author":3,"featured_media":0,"comment_status":"open","ping_status":"open","sticky":true,"template":"","format":"standard","meta":{"footnotes":""},"categories":[2],"tags":[],"_links":{"self":[{"href":"https:\/\/utwstarachowice.pl\/index.php?rest_route=\/wp\/v2\/posts\/759"}],"collection":[{"href":"https:\/\/utwstarachowice.pl\/index.php?rest_route=\/wp\/v2\/posts"}],"about":[{"href":"https:\/\/utwstarachowice.pl\/index.php?rest_route=\/wp\/v2\/types\/post"}],"author":[{"embeddable":true,"href":"https:\/\/utwstarachowice.pl\/index.php?rest_route=\/wp\/v2\/users\/3"}],"replies":[{"embeddable":true,"href":"https:\/\/utwstarachowice.pl\/index.php?rest_route=%2Fwp%2Fv2%2Fcomments&post=759"}],"version-history":[{"count":0,"href":"https:\/\/utwstarachowice.pl\/index.php?rest_route=\/wp\/v2\/posts\/759\/revisions"}],"wp:attachment":[{"href":"https:\/\/utwstarachowice.pl\/index.php?rest_route=%2Fwp%2Fv2%2Fmedia&parent=759"}],"wp:term":[{"taxonomy":"category","embeddable":true,"href":"https:\/\/utwstarachowice.pl\/index.php?rest_route=%2Fwp%2Fv2%2Fcategories&post=759"},{"taxonomy":"post_tag","embeddable":true,"href":"https:\/\/utwstarachowice.pl\/index.php?rest_route=%2Fwp%2Fv2%2Ftags&post=759"}],"curies":[{"name":"wp","href":"https:\/\/api.w.org\/{rel}","templated":true}]}}