{"id":751,"date":"2021-06-10T19:14:39","date_gmt":"2021-06-10T17:14:39","guid":{"rendered":"https:\/\/utwstarachowice.pl\/2021\/06\/10\/walne-zebranie\/"},"modified":"2025-04-13T20:02:41","modified_gmt":"2025-04-13T18:02:41","slug":"walne-zebranie","status":"publish","type":"post","link":"https:\/\/utwstarachowice.pl\/?p=751","title":{"rendered":"WALNE ZEBRANIE"},"content":{"rendered":"<p><span style=\"font-size: medium;\">OG\u0141OSZENIE <\/span><\/p>\n<p><span style=\"font-size: medium;\">Na podstawie \u00a7 20 pkt. 2 i 3 Statutu Uniwersytetu Trzeciego Wieku w Starachowicach Zarz\u0105d postanawia :<\/span><\/p>\n<p><span style=\"font-size: medium;\">1.\u00a0 Zwo\u0142a\u0107 Walne Zebranie sprawozdawcze S\u0142uchaczy UTW na\u00a0 dzie\u0144 28 czerwca 2021r. &#8211; o godzinie 10<sup>00<\/sup><\/span><br \/><span style=\"font-size: medium;\">2. Miejsce\u00a0 Walnego Zebrania \u2013 ul. Gliniana 10a (sala\u00a0 gimnastyczna). <\/span><br \/><span style=\"font-size: medium;\">3.\u00a0\u00a0 Porz\u0105dek Walnego Zebrania S\u0142uchaczy UTW:<\/span><br \/><span style=\"font-size: medium;\">\u00a0\u00a0 \u00a01\/ Otwarcie\u00a0 Walnego Zebrania \u2013 Prezes Zarz\u0105du;<\/span><br \/><span style=\"font-size: medium;\">\u00a0\u00a0 \u00a02\/ Wyb\u00f3r Przewodnicz\u0105cego\u00a0 Walnego Zebrania;<\/span><br \/><span style=\"font-size: medium;\">\u00a0\u00a0 \u00a03\/ G\u0142osowanie nad przyj\u0119ciem nowego Regulaminu Walnego\u00a0 Zebrania;<\/span><br \/><span style=\"font-size: medium;\">\u00a0\u00a0 \u00a04\/ Wyb\u00f3r zast\u0119pcy przewodnicz\u0105cego Walnego Zebrania;<\/span><br \/><span style=\"font-size: medium;\">\u00a0\u00a0 \u00a05\/ Wyb\u00f3r sekretarza Walnego Zebrania;<\/span><br \/><span style=\"font-size: medium;\">\u00a0\u00a0 \u00a06\/ Wyb\u00f3r Komisji Skrutacyjnej;<\/span><br \/><span style=\"font-size: medium;\">\u00a0\u00a0 \u00a07\/ Podj\u0119cie Uchwa\u0142y o zwi\u0119kszeniu sk\u0142adu Zarz\u0105du do 10 os\u00f3b;<\/span><br \/><span style=\"font-size: medium;\">\u00a0\u00a0 \u00a08\/ Sprawozdanie finansowe za rok 2020 \u2013 Renata Kasprzyk;<\/span><br \/><span style=\"font-size: medium;\">\u00a0\u00a0 \u00a09\/ Sprawozdanie z dzia\u0142alno\u015bci merytorycznej\u00a0 UTW za rok 2020-Anna Tokarska.<\/span><br \/><span style=\"font-size: medium;\">\u00a0\u00a0 \u00a010\/ Opinia Komisji Rewizyjnej dotycz\u0105ca realizacji planu finansowego i\u00a0 merytorycznego\u00a0 UTW\u00a0 za rok 2020.<br \/><\/span><\/p>\n<p><span style=\"font-size: medium;\">\u00a0 \u00a0\u00a0 11\/Sprawozdanie Komisji Rewizyjnej z dzia\u0142alno\u015bci w 2020roku.<\/span><\/p>\n<p><span style=\"font-size: medium;\">\u00a0\u00a0\u00a0\u00a0 12\/Przedstawienie planu finansowego na 2021rok-podj\u0119cie uchwa\u0142y.<\/span><\/p>\n<p><span style=\"font-size: medium;\">\u00a0\u00a0\u00a0\u00a0 13\/Przedstawienie planu pracy merytorycznej na 2021rok.<\/span><\/p>\n<p><span style=\"font-size: medium;\">\u00a0\u00a0\u00a0\u00a0 14\/Sprawy r\u00f3\u017cne i wnioski.<\/span><\/p>\n<p><span style=\"font-size: medium;\">\u00a0\u00a0\u00a0\u00a0 15\/Odczytanie podj\u0119tych uchwa\u0142.<\/span><\/p>\n<p><span style=\"font-size: medium;\">\u00a0<\/span><\/p>\n<p><span style=\"font-size: medium;\"> \u00a0 \u00a0 \u00a0 \u00a0 \u00a0\u00a0\u00a0\u00a0\u00a0\u00a0\u00a0\u00a0\u00a0\u00a0\u00a0\u00a0\u00a0\u00a0\u00a0\u00a0 \u00a0\u00a0\u00a0\u00a0\u00a0\u00a0 <\/span><\/p>\n","protected":false},"excerpt":{"rendered":"<p>OG\u0141OSZENIE Na podstawie \u00a7 20 pkt. 2 i 3 Statutu Uniwersytetu Trzeciego Wieku w Starachowicach Zarz\u0105d postanawia : 1.\u00a0 Zwo\u0142a\u0107 &hellip;<\/p>\n","protected":false},"author":3,"featured_media":0,"comment_status":"open","ping_status":"open","sticky":true,"template":"","format":"standard","meta":{"footnotes":""},"categories":[1,27],"tags":[],"_links":{"self":[{"href":"https:\/\/utwstarachowice.pl\/index.php?rest_route=\/wp\/v2\/posts\/751"}],"collection":[{"href":"https:\/\/utwstarachowice.pl\/index.php?rest_route=\/wp\/v2\/posts"}],"about":[{"href":"https:\/\/utwstarachowice.pl\/index.php?rest_route=\/wp\/v2\/types\/post"}],"author":[{"embeddable":true,"href":"https:\/\/utwstarachowice.pl\/index.php?rest_route=\/wp\/v2\/users\/3"}],"replies":[{"embeddable":true,"href":"https:\/\/utwstarachowice.pl\/index.php?rest_route=%2Fwp%2Fv2%2Fcomments&post=751"}],"version-history":[{"count":1,"href":"https:\/\/utwstarachowice.pl\/index.php?rest_route=\/wp\/v2\/posts\/751\/revisions"}],"predecessor-version":[{"id":5199,"href":"https:\/\/utwstarachowice.pl\/index.php?rest_route=\/wp\/v2\/posts\/751\/revisions\/5199"}],"wp:attachment":[{"href":"https:\/\/utwstarachowice.pl\/index.php?rest_route=%2Fwp%2Fv2%2Fmedia&parent=751"}],"wp:term":[{"taxonomy":"category","embeddable":true,"href":"https:\/\/utwstarachowice.pl\/index.php?rest_route=%2Fwp%2Fv2%2Fcategories&post=751"},{"taxonomy":"post_tag","embeddable":true,"href":"https:\/\/utwstarachowice.pl\/index.php?rest_route=%2Fwp%2Fv2%2Ftags&post=751"}],"curies":[{"name":"wp","href":"https:\/\/api.w.org\/{rel}","templated":true}]}}