{"id":75,"date":"2016-09-24T19:31:47","date_gmt":"2016-09-24T17:31:47","guid":{"rendered":"https:\/\/utwstarachowice.pl\/2016\/09\/24\/komunikaty-pazdziernik-20166\/"},"modified":"2016-09-24T19:31:47","modified_gmt":"2016-09-24T17:31:47","slug":"komunikaty-pazdziernik-20166","status":"publish","type":"post","link":"https:\/\/utwstarachowice.pl\/?p=75","title":{"rendered":"KOMUNIKATY- PA\u0179DZIERNIK 2016"},"content":{"rendered":"<p><span style=\"color: #000000; font-size: small; font-family: arial,helvetica,sans-serif;\"><span style=\"text-decoration: underline;\"><strong>Komunikaty dla s\u0142uchaczy UTW &#8211; pa\u017adziernik 2016r.<\/strong><\/span><\/span><\/p>\n<p dir=\"ltr\"><span style=\"font-size: small; font-family: arial,helvetica,sans-serif;\"><span style=\"color: #000000;\"><span style=\"text-decoration: underline;\"><strong>07-10-2016 r. <\/strong><\/span><span style=\"text-decoration: underline;\">(pi\u0105tek)<\/span><\/span><\/span><\/p>\n<p><span style=\"color: #000000; font-size: small; font-family: arial,helvetica,sans-serif;\">Inauguracja roku ak. 2016\/2017 odb\u0119dzie si\u0119 <strong>o godz. 16.00 w Urz\u0119dzie Miasta w sali \u201eOlimpia\u201d.<\/strong><\/span><\/p>\n<p><span style=\"color: #000000; font-size: small; font-family: arial,helvetica,sans-serif;\"><span style=\"text-decoration: underline;\"><strong>08-10-2016 r.<\/strong> (sobota) <\/span><\/span><\/p>\n<p><span style=\"color: #000000; font-size: small; font-family: arial,helvetica,sans-serif;\">Spotkanie integracyjne odb\u0119dzie si\u0119 pod wiat\u0105 przy krytej p\u0142ywalni (ul. Szkolna) <strong>od godz. 14.00 do 17.00.<\/strong><\/span><\/p>\n<p><span style=\"color: #000000; font-size: small; font-family: arial,helvetica,sans-serif;\"><span style=\"text-decoration: underline;\"><strong>12-10-2016 r. <\/strong>(\u015broda)i<strong> 15-10-2016 <\/strong>(sobota)<\/span><\/span><\/p>\n<p><span style=\"color: #000000; font-size: small; font-family: arial,helvetica,sans-serif;\">Spacer po okolicy Starachowic(ok. 3 km) z ogniskiem na \u201ePiachach\u201d.Spotkanie na przystanku MZK ul. Armii Krajowej- \u201eBiistro\u201d <strong>(\u015broda godz. 09.30, sobota godz. 09.20). <\/strong>Przejazd autobusem linii nr 5 na ul. Ostrowieck\u0105 (Micha\u0142\u00f3w).<\/span><\/p>\n<p><span style=\"color: #000000; font-size: small; font-family: arial,helvetica,sans-serif;\"><span style=\"text-decoration: underline;\"><strong>19-10-2016 r.<\/strong> (\u015broda)<\/span><\/span><\/p>\n<p><span style=\"color: #000000; font-size: small; font-family: arial,helvetica,sans-serif;\">Wyjazd do Solca na baseny siarczkowe.Zbi\u00f3rka o godz. 8.00 na parkingu przy galerii \u201eSka\u0142ka\u201d. Op\u0142aty u Haliny Sidor w biurze Rady Senior\u00f3w lub UTW <strong>do 15.10.2016r. <\/strong>w godz. 10.00-12.00.<\/span><\/p>\n<p><span style=\"color: #000000; font-size: small; font-family: arial,helvetica,sans-serif;\"><span style=\"text-decoration: underline;\"><strong>22-10-2016 r. <\/strong>(sobota) i<strong> 26.10.2016 r. <\/strong>(\u015broda)<\/span><\/span><\/p>\n<p><span style=\"color: #000000; font-size: small; font-family: arial,helvetica,sans-serif;\">Spacer po okolicy W\u0105chocka (przez Stary Dw\u00f3r &#8211; trasa oko\u0142o 6 km). Spotkanie o <strong>godz. 09.50 <\/strong>na przystanku MZK linii \u201dA\u201d ul. Kopalniana.<\/span><\/p>\n<p><span style=\"color: #000000; font-size: small; font-family: arial,helvetica,sans-serif;\"><span style=\"text-decoration: underline;\"><strong>28-10-2016 r.<\/strong> (pi\u0105tek)<\/span><\/span><\/p>\n<p><span style=\"color: #000000; font-size: small; font-family: arial,helvetica,sans-serif;\">Wyk\u0142ad Pani J. Cwaliny-Krajewskiej na temat \u201eWp\u0142yw wody na organizm ludzki\u201d <strong>o godz. 16.00 w du\u017cej sali w galerii \u201eSka\u0142ka\u201d.<\/strong><\/span><\/p>\n<p><span style=\"color: #000000; font-size: small; font-family: arial,helvetica,sans-serif;\"><span style=\"text-decoration: underline;\"><strong>UWAGA !!!!!<\/strong><\/span><\/span><\/p>\n<ul>\n<li><span style=\"color: #000000; font-size: small; font-family: arial,helvetica,sans-serif;\"><strong>Programowe zaj\u0119cia zaczynaj\u0105 si\u0119 od 10.X.2016r. (pierwszy poniedzia\u0142ek po inauguracji roku ak.). Tygodniowy rozk\u0142ad b\u0119dzie dost\u0119pny w czasie uroczystego rozpocz\u0119cia roku ak. oraz w biurze UTW. <\/strong><\/span><\/li>\n<li><span style=\"color: #000000; font-size: small; font-family: arial,helvetica,sans-serif;\"><strong>Zapisy na gimnastyk\u0119 we wtorki i czwartki u p. Beaty Laszczyk &#8211; prowadz\u0105cej zaj\u0119cia (O\u015brodek Gimnastyki Korekcyjnej). Zesz\u0142oroczne grupy s\u0105 aktualne.<\/strong><\/span><\/li>\n<li><span style=\"color: #000000; font-size: small; font-family: arial,helvetica,sans-serif;\"><strong>W biurze UTW w czasie dy\u017cur\u00f3w (poniedzia\u0142ki, \u015brody i pi\u0105tki 10.00-12.00) przyjmowane s\u0105 zapisy na kurs samoobrony. Dok\u0142adniejsze informacje po ustaleniu, czy s\u0105 ch\u0119tni do uczestniczenia w cyklu tego typu zaj\u0119\u0107.<\/strong><\/span><\/li>\n<li><span style=\"color: #000000; font-size: small; font-family: arial,helvetica,sans-serif;\"><strong>Wysoko\u015b\u0107 czesnego w roku ak. 2016\/2017 nie ulega zmianie (40,- z\u0142 za sem.) i prosimy jednocze\u015bnie o terminowe wp\u0142aty.<\/strong><\/span><span style=\"font-size: small; font-family: arial,helvetica,sans-serif;\"><br \/><\/span><\/li>\n<\/ul>\n","protected":false},"excerpt":{"rendered":"<p>Komunikaty dla s\u0142uchaczy UTW &#8211; pa\u017adziernik 2016r. 07-10-2016 r. (pi\u0105tek) Inauguracja roku ak. 2016\/2017 odb\u0119dzie si\u0119 o godz. 16.00 w &hellip;<\/p>\n","protected":false},"author":3,"featured_media":0,"comment_status":"open","ping_status":"open","sticky":true,"template":"","format":"standard","meta":{"footnotes":""},"categories":[1],"tags":[],"_links":{"self":[{"href":"https:\/\/utwstarachowice.pl\/index.php?rest_route=\/wp\/v2\/posts\/75"}],"collection":[{"href":"https:\/\/utwstarachowice.pl\/index.php?rest_route=\/wp\/v2\/posts"}],"about":[{"href":"https:\/\/utwstarachowice.pl\/index.php?rest_route=\/wp\/v2\/types\/post"}],"author":[{"embeddable":true,"href":"https:\/\/utwstarachowice.pl\/index.php?rest_route=\/wp\/v2\/users\/3"}],"replies":[{"embeddable":true,"href":"https:\/\/utwstarachowice.pl\/index.php?rest_route=%2Fwp%2Fv2%2Fcomments&post=75"}],"version-history":[{"count":0,"href":"https:\/\/utwstarachowice.pl\/index.php?rest_route=\/wp\/v2\/posts\/75\/revisions"}],"wp:attachment":[{"href":"https:\/\/utwstarachowice.pl\/index.php?rest_route=%2Fwp%2Fv2%2Fmedia&parent=75"}],"wp:term":[{"taxonomy":"category","embeddable":true,"href":"https:\/\/utwstarachowice.pl\/index.php?rest_route=%2Fwp%2Fv2%2Fcategories&post=75"},{"taxonomy":"post_tag","embeddable":true,"href":"https:\/\/utwstarachowice.pl\/index.php?rest_route=%2Fwp%2Fv2%2Ftags&post=75"}],"curies":[{"name":"wp","href":"https:\/\/api.w.org\/{rel}","templated":true}]}}