{"id":739,"date":"2021-05-27T17:55:02","date_gmt":"2021-05-27T15:55:02","guid":{"rendered":"https:\/\/utwstarachowice.pl\/2021\/05\/27\/komunikaty-na-czerwiec-2021\/"},"modified":"2021-05-27T17:55:02","modified_gmt":"2021-05-27T15:55:02","slug":"komunikaty-na-czerwiec-2021","status":"publish","type":"post","link":"https:\/\/utwstarachowice.pl\/?p=739","title":{"rendered":"KOMUNIKATY NA CZERWIEC 2021"},"content":{"rendered":"<p align=\"center\"><span style=\"font-size: large;\"><strong>\u00a0<\/strong><\/span><\/p>\n<p><span style=\"font-size: large;\"><strong>05.06. ( sobota) \u2013\u00a0 Spacer edukacyjny oraz informacje\u00a0 o Zbiorniku Pasternik. Zbi\u00f3rka przy Dworcu Zachodnim PKP\u00a0 godz. 10<sup>00<\/sup><\/strong><\/span><\/p>\n<p><span style=\"font-size: large;\"><strong>07.06. ( poniedzia\u0142ek) \u2013 godz.11<sup>00<\/sup>. Wyk\u0142ad Wioletty Sobieraj &#8221; Tajemnice pa\u0142acu Schoenberg\u00f3w w W\u0105chocku<br \/><\/strong><\/span><\/p>\n<p><span style=\"font-size: large;\"><strong>08. 06. ( wtorek) -godz. 16<sup>00<\/sup>. Wyk\u0142ad Doroty Kie\u0142ek \u201e Obchodzi\u00a0 mnie tylko, \u017ceby by\u0107 cz\u0142owiekiem\u201d \u2013 refleksje nie tylko literackie.<\/strong><\/span><\/p>\n<p><span style=\"font-size: large;\"><strong>12.06. ( sobota) \u2013 wyjazd do W\u0105chocka \u2013 zwiedzanie pozosta\u0142o\u015bci Pa\u0142acu Schoenberg\u00f3w oraz spacer wok\u00f3\u0142 zbiornika. Zbi\u00f3rka\u00a0 o godz. 9<sup>30<\/sup> \u00a0\u00a0 przy Dworcu Zachodnim PKP<br \/><\/strong><\/span><\/p>\n<p><span style=\"font-size: large;\"><strong>14.06.\u00a0 \u2013( poniedzia\u0142ek) \u2013 godz.11<sup>00<\/sup> -Wyk\u0142ad Paw\u0142a Ko\u0142odziejskiego \u201e \u017belazne doliny- potencja\u0142 turystyczny woj. \u015awi\u0119tokrzyskiego\u201d<\/strong><\/span><\/p>\n<p><span style=\"font-size: large;\"><strong>19.06. (sobota) \u2013 godz.10<sup>00<\/sup>\u00a0 &#8211; Spacer edukacyjny &#8211; Zwiedzamy Rataje. Zbi\u00f3rka obok wej\u015bcia na grobl\u0119 przy zbiorniku Pasternik.<\/strong><\/span><\/p>\n<p><span style=\"font-size: large;\"><strong>21.06. godz. 11<sup>00<\/sup> \u2013 Wyk\u0142ad Dariusza D\u0105browskiego pt. 20- lecie Powstania Muzeum Przyrody i Techniki.<\/strong><\/span><\/p>\n<p><strong><span style=\"font-size: large;\">28.06. ( poniedzia\u0142ek) \u2013 godz.10<sup>00<\/sup>\u00a0 sala gimnastyczna ul. Gliniana\u00a0 Walne Zebranie cz\u0142onk\u00f3w UTW oraz zako\u0144czenie roku akademickiego. Godzina 16<sup>00<\/sup>-ognisko i zabawa na terenie Muzeum Przyrody i Techniki.<\/span><br \/><\/strong><\/p>\n","protected":false},"excerpt":{"rendered":"<p>\u00a0 05.06. ( sobota) \u2013\u00a0 Spacer edukacyjny oraz informacje\u00a0 o Zbiorniku Pasternik. Zbi\u00f3rka przy Dworcu Zachodnim PKP\u00a0 godz. 1000 07.06. &hellip;<\/p>\n","protected":false},"author":3,"featured_media":0,"comment_status":"open","ping_status":"open","sticky":true,"template":"","format":"standard","meta":{"footnotes":""},"categories":[2],"tags":[],"_links":{"self":[{"href":"https:\/\/utwstarachowice.pl\/index.php?rest_route=\/wp\/v2\/posts\/739"}],"collection":[{"href":"https:\/\/utwstarachowice.pl\/index.php?rest_route=\/wp\/v2\/posts"}],"about":[{"href":"https:\/\/utwstarachowice.pl\/index.php?rest_route=\/wp\/v2\/types\/post"}],"author":[{"embeddable":true,"href":"https:\/\/utwstarachowice.pl\/index.php?rest_route=\/wp\/v2\/users\/3"}],"replies":[{"embeddable":true,"href":"https:\/\/utwstarachowice.pl\/index.php?rest_route=%2Fwp%2Fv2%2Fcomments&post=739"}],"version-history":[{"count":0,"href":"https:\/\/utwstarachowice.pl\/index.php?rest_route=\/wp\/v2\/posts\/739\/revisions"}],"wp:attachment":[{"href":"https:\/\/utwstarachowice.pl\/index.php?rest_route=%2Fwp%2Fv2%2Fmedia&parent=739"}],"wp:term":[{"taxonomy":"category","embeddable":true,"href":"https:\/\/utwstarachowice.pl\/index.php?rest_route=%2Fwp%2Fv2%2Fcategories&post=739"},{"taxonomy":"post_tag","embeddable":true,"href":"https:\/\/utwstarachowice.pl\/index.php?rest_route=%2Fwp%2Fv2%2Ftags&post=739"}],"curies":[{"name":"wp","href":"https:\/\/api.w.org\/{rel}","templated":true}]}}