{"id":722,"date":"2021-04-07T18:39:21","date_gmt":"2021-04-07T16:39:21","guid":{"rendered":"https:\/\/utwstarachowice.pl\/2021\/04\/07\/ostatnie-pozegnanie-prezesa-lok\/"},"modified":"2021-04-07T18:39:21","modified_gmt":"2021-04-07T16:39:21","slug":"ostatnie-pozegnanie-prezesa-lok","status":"publish","type":"post","link":"https:\/\/utwstarachowice.pl\/?p=722","title":{"rendered":"OSTATNIE PO\u017bEGNANIE PREZESA LOK"},"content":{"rendered":"<p><span style=\"font-size: medium;\">W dniu dzisiejszym odby\u0142 si\u0119 pogrzeb Franciszka Lefka -Prezesa ZP LOK w Starachowicach.W ostatnich dw\u00f3ch latach UTW i LOK nawi\u0105za\u0142o wsp\u00f3\u0142prac\u0119 w ramach kt\u00f3rej odby\u0142y si\u0119 wsp\u00f3lne dzia\u0142ania &#8211; wyjazdy do Muzeum Powstania Warszawskiego i Muzeum \u017bydowskiego w Warszawie oraz spotkania okoliczno\u015bciowe.W ostatnim po\u017cegnaniu Przyjaciela UTW\u00a0 wzi\u0119\u0142a udzia\u0142 delegacja Zarz\u0105du.<\/span><\/p>\n","protected":false},"excerpt":{"rendered":"<p>W dniu dzisiejszym odby\u0142 si\u0119 pogrzeb Franciszka Lefka -Prezesa ZP LOK w Starachowicach.W ostatnich dw\u00f3ch latach UTW i LOK nawi\u0105za\u0142o &hellip;<\/p>\n","protected":false},"author":3,"featured_media":0,"comment_status":"open","ping_status":"open","sticky":true,"template":"","format":"standard","meta":{"footnotes":""},"categories":[2],"tags":[],"_links":{"self":[{"href":"https:\/\/utwstarachowice.pl\/index.php?rest_route=\/wp\/v2\/posts\/722"}],"collection":[{"href":"https:\/\/utwstarachowice.pl\/index.php?rest_route=\/wp\/v2\/posts"}],"about":[{"href":"https:\/\/utwstarachowice.pl\/index.php?rest_route=\/wp\/v2\/types\/post"}],"author":[{"embeddable":true,"href":"https:\/\/utwstarachowice.pl\/index.php?rest_route=\/wp\/v2\/users\/3"}],"replies":[{"embeddable":true,"href":"https:\/\/utwstarachowice.pl\/index.php?rest_route=%2Fwp%2Fv2%2Fcomments&post=722"}],"version-history":[{"count":0,"href":"https:\/\/utwstarachowice.pl\/index.php?rest_route=\/wp\/v2\/posts\/722\/revisions"}],"wp:attachment":[{"href":"https:\/\/utwstarachowice.pl\/index.php?rest_route=%2Fwp%2Fv2%2Fmedia&parent=722"}],"wp:term":[{"taxonomy":"category","embeddable":true,"href":"https:\/\/utwstarachowice.pl\/index.php?rest_route=%2Fwp%2Fv2%2Fcategories&post=722"},{"taxonomy":"post_tag","embeddable":true,"href":"https:\/\/utwstarachowice.pl\/index.php?rest_route=%2Fwp%2Fv2%2Ftags&post=722"}],"curies":[{"name":"wp","href":"https:\/\/api.w.org\/{rel}","templated":true}]}}