{"id":715,"date":"2021-03-23T19:30:41","date_gmt":"2021-03-23T18:30:41","guid":{"rendered":"https:\/\/utwstarachowice.pl\/2021\/03\/23\/teatr-powszechny-w-lodzi-zaprasza\/"},"modified":"2021-03-23T19:30:41","modified_gmt":"2021-03-23T18:30:41","slug":"teatr-powszechny-w-lodzi-zaprasza","status":"publish","type":"post","link":"https:\/\/utwstarachowice.pl\/?p=715","title":{"rendered":"TEATR POWSZECHNY W \u0141ODZI ZAPRASZA"},"content":{"rendered":"<p class=\"v1MsoNormal\"><strong>&#8222;FERRAGOSTO&#8221; PO RAZ PIERWSZY ONLINE! <\/strong><strong>Teatr Powszechny w \u0141odzi zaprasza.<\/strong><\/p>\n<p class=\"v1MsoNormal\">\u017byciorys Gustawa Herlinga-Grudzi\u0144skiego to historia cz\u0142owieka i intelektualisty, kt\u00f3ry przez ca\u0142e \u017cycie szed\u0142 pod pr\u0105d, nie godz\u0105c si\u0119 na uk\u0142ady. Jak\u0105 p\u0142aci\u0142 za to cen\u0119? Czym by\u0142 dla niego Neapol &#8211; ucieczk\u0105 czy wygnaniem? Co my\u015bla\u0142 o Polsce i dlaczego nie chcia\u0142 rozmawia\u0107 ze swoj\u0105 c\u00f3rk\u0105 po polsku?<\/p>\n<p class=\"v1MsoNormal\">W <strong>pi\u0105tek 26 marca o 19:15<\/strong> zapraszamy na &#8222;Ferragosto&#8221; Rados\u0142awa Paczochy w re\u017cyserii Adama Orzechowskiego.<\/p>\n<p class=\"v1MsoNormal\"><strong>Gramy tak\u017ce w sobot\u0119 i niedziel\u0119 (27 i 28 marca). <\/strong><\/p>\n<p class=\"v1MsoNormal\"><strong>\u00a0<\/strong><\/p>\n<p class=\"v1MsoNormal\"><strong>Bilety kosztuj\u0105 symboliczne 20 groszy<\/strong>. Kupicie je na naszej stronie: <a href=\"https:\/\/tinyurl.com\/Ferragostonline?fbclid=IwAR1exLaQhlNtnoHLyZSWG22cEKNANYd3K5FGQgjCLFTaCYaZik7KotK9YOs\" target=\"_blank\" rel=\"noreferrer noopener\">https:\/\/tinyurl.com\/Ferragostonline<\/a><\/p>\n<p class=\"v1MsoNormal\">\u00a0<\/p>\n<p class=\"v1MsoNormal\">Wsparcie ze \u015brodk\u00f3w Funduszu Przeciwdzia\u0142ania COVID-19.<\/p>\n<p class=\"v1MsoNormal\">\u00a0<\/p>\n<p class=\"v1MsoNormal\"><strong>Ferragosto<\/strong><\/p>\n<p class=\"v1MsoNormal\"><strong>Autor:<\/strong> Rados\u0142aw Paczocha<br \/> <strong>Re\u017cyseria:<\/strong> Adam Orzechowski<br \/> <strong>Scenografia i kostiumy:<\/strong> Magdalena Gajewska<br \/> <strong>Muzyka:<\/strong> Marcin Nenko<br \/> <strong>Obsada:<\/strong> Przemys\u0142aw Choj\u0119ta\/Adam Kupaj, Karolina Krawczy\u0144ska, Diana Krupa, Jakub Kryszta\u0142, Micha\u0142 Lacheta, Karolina \u0141ukaszewicz, Paulina Nadel, Angelika Olszewska, Arkadiusz W\u00f3jcik, Magdalena Zaj\u0105c-Zawadzka, Artur Zawadzki<br \/> <strong>Prapremiera:<\/strong> 17 marca 2019 w ramach XXV Mi\u0119dzynarodowego Festiwalu Sztuk Przyjemnych i Nieprzyjemnych<\/p>\n<p class=\"v1MsoNormal\">Spektakl przedstawia losy Gustawa Herlinga-Grudzi\u0144skiego &#8211; pisarza, eseisty, dziennikarza i emigranta politycznego. Tytu\u0142 sztuki Rados\u0142awa Paczochy nawi\u0105zuje do obchodzonego 15 sierpnia w\u0142oskiego \u015bwi\u0119ta. To dla W\u0142och\u00f3w dzie\u0144 wolny od pracy. W\u0142oskie miasta w\u00f3wczas pustoszej\u0105, wszyscy wyje\u017cd\u017caj\u0105, uciekaj\u0105c przed upa\u0142ami. To czas, kt\u00f3ry sam Herling-Grudzi\u0144ski opisywa\u0142 jako psychologicznie niezno\u015bny.<\/p>\n<p class=\"v1MsoNormal\">\u201eFerragosto&#8221; pokazuje wojenne i powojenne losy pisarza. Przesz\u0142o\u015b\u0107 i historia materializuj\u0105 si\u0119 jako senne koszmary, imaginacje, powracaj\u0105ce duchy. \u201eBohaterowie spektaklu pochodz\u0105 z ksi\u0105\u017cek Herlinga lub s\u0105 jego bliskimi i rodzin\u0105. Zamkn\u0119li\u015bmy pisarza w jego gabinecie. Na tym niewielkim obszarze pokazujemy widzom relacje z innymi lud\u017ami. W spektaklu przenikaj\u0105 si\u0119 historia i \u017cycie prywatne&#8221; \u2013 m\u00f3wi re\u017cyser Adam Orzechowski. \u201eTo nie laurka, to spektakl o my\u015bl\u0105cym i cierpi\u0105cym m\u0119\u017cczy\u017anie, intelektuali\u015bcie nie godz\u0105cym si\u0119 na uk\u0142ady, trudnym, ale niezaprzeczalnie zdolnym i prawdziwym&#8221; \u2013 zaznacza Orzechowski.<\/p>\n<p class=\"v1MsoNormal\"><strong>Spektakl dla widz\u00f3w od 16 lat.<\/strong><\/p>\n<p class=\"v1MsoNormal\">\u00a0<\/p>\n<p class=\"v1MsoNormal\"><strong>Spektakl obj\u0119ty honorowym patronatem Ministerstwa Kultury i Dziedzictwa Narodowego<\/strong><\/p>\n","protected":false},"excerpt":{"rendered":"<p>&#8222;FERRAGOSTO&#8221; PO RAZ PIERWSZY ONLINE! Teatr Powszechny w \u0141odzi zaprasza. \u017byciorys Gustawa Herlinga-Grudzi\u0144skiego to historia cz\u0142owieka i intelektualisty, kt\u00f3ry przez &hellip;<\/p>\n","protected":false},"author":3,"featured_media":0,"comment_status":"open","ping_status":"open","sticky":true,"template":"","format":"standard","meta":{"footnotes":""},"categories":[2],"tags":[],"_links":{"self":[{"href":"https:\/\/utwstarachowice.pl\/index.php?rest_route=\/wp\/v2\/posts\/715"}],"collection":[{"href":"https:\/\/utwstarachowice.pl\/index.php?rest_route=\/wp\/v2\/posts"}],"about":[{"href":"https:\/\/utwstarachowice.pl\/index.php?rest_route=\/wp\/v2\/types\/post"}],"author":[{"embeddable":true,"href":"https:\/\/utwstarachowice.pl\/index.php?rest_route=\/wp\/v2\/users\/3"}],"replies":[{"embeddable":true,"href":"https:\/\/utwstarachowice.pl\/index.php?rest_route=%2Fwp%2Fv2%2Fcomments&post=715"}],"version-history":[{"count":0,"href":"https:\/\/utwstarachowice.pl\/index.php?rest_route=\/wp\/v2\/posts\/715\/revisions"}],"wp:attachment":[{"href":"https:\/\/utwstarachowice.pl\/index.php?rest_route=%2Fwp%2Fv2%2Fmedia&parent=715"}],"wp:term":[{"taxonomy":"category","embeddable":true,"href":"https:\/\/utwstarachowice.pl\/index.php?rest_route=%2Fwp%2Fv2%2Fcategories&post=715"},{"taxonomy":"post_tag","embeddable":true,"href":"https:\/\/utwstarachowice.pl\/index.php?rest_route=%2Fwp%2Fv2%2Ftags&post=715"}],"curies":[{"name":"wp","href":"https:\/\/api.w.org\/{rel}","templated":true}]}}