{"id":709,"date":"2021-02-24T08:12:03","date_gmt":"2021-02-24T07:12:03","guid":{"rendered":"https:\/\/utwstarachowice.pl\/2021\/02\/24\/zaproszenie-na-debate\/"},"modified":"2021-02-24T08:12:03","modified_gmt":"2021-02-24T07:12:03","slug":"zaproszenie-na-debate","status":"publish","type":"post","link":"https:\/\/utwstarachowice.pl\/?p=709","title":{"rendered":"ZAPROSZENIE NA DEBAT\u0118"},"content":{"rendered":"<p class=\"v1MsoNormal\">Krajowy Instytut Gospodarki Senioralnej wraz z Fundacj\u0105 Polskiego Funduszu Rozwoju i zespo\u0142em Centralnego Domu Technologii organizuje kolejn\u0105 debat\u0119 z serii Srebrnych Debat pt. <strong><em>\u201eSeniorzy w \u015bwiecie cyfrowej rewolucji\u201d<\/em><\/strong>, na kt\u00f3r\u0105 ju\u017c dzi\u015b serdecznie Pa\u0144stwa zapraszamy.<\/p>\n<p class=\"v1MsoNormal\">Debata online odb\u0119dzie si\u0119 <strong>3 marca 2021, godzina \u00a012:00- 13:30<\/strong>na platformie <a href=\"http:\/\/www.abcsenior.com\" target=\"_blank\" rel=\"noreferrer noopener\">www.abcsenior.com<\/a>.<\/p>\n<p class=\"v1MsoNormal\">\u00a0Dost\u0119p do debaty jest bezp\u0142atny \u00a0i wymaga jedynie zapisania\u00a0 si\u0119.<\/p>\n<p class=\"v1MsoNormal\">Aby obejrze\u0107 debat\u0119 online na \u017cywo trzeba si\u0119 zarejestrowa\u0107, klikaj\u0105c ju\u017c teraz w poni\u017cszy link <a href=\"https:\/\/abcsenior.com\/seniorzy-w-swiecie-cyfrowej-rewolucji\/\" target=\"_blank\" rel=\"noreferrer noopener\">https:\/\/abcsenior.com\/seniorzy-w-swiecie-cyfrowej-rewolucji\/<\/a><\/p>\n<p class=\"v1MsoNormal\"><strong><em><span style=\"color: #1f497d;\">\u00a0<\/span><\/em><\/strong>Rejestracja zajmie mniej ni\u017c minut\u0119. Po pomy\u015blnej rejestracji na podany adres mailowy zostanie wys\u0142any link, pod kt\u00f3rym w \u015brod\u0119 (03.03)\u00a0 o godzinie \u00a012:00 b\u0119dzie mo\u017cna uczestniczy\u0107 w debacie na \u017cywo.\u00a0<\/p>\n","protected":false},"excerpt":{"rendered":"<p>Krajowy Instytut Gospodarki Senioralnej wraz z Fundacj\u0105 Polskiego Funduszu Rozwoju i zespo\u0142em Centralnego Domu Technologii organizuje kolejn\u0105 debat\u0119 z serii &hellip;<\/p>\n","protected":false},"author":3,"featured_media":0,"comment_status":"open","ping_status":"open","sticky":true,"template":"","format":"standard","meta":{"footnotes":""},"categories":[2],"tags":[],"_links":{"self":[{"href":"https:\/\/utwstarachowice.pl\/index.php?rest_route=\/wp\/v2\/posts\/709"}],"collection":[{"href":"https:\/\/utwstarachowice.pl\/index.php?rest_route=\/wp\/v2\/posts"}],"about":[{"href":"https:\/\/utwstarachowice.pl\/index.php?rest_route=\/wp\/v2\/types\/post"}],"author":[{"embeddable":true,"href":"https:\/\/utwstarachowice.pl\/index.php?rest_route=\/wp\/v2\/users\/3"}],"replies":[{"embeddable":true,"href":"https:\/\/utwstarachowice.pl\/index.php?rest_route=%2Fwp%2Fv2%2Fcomments&post=709"}],"version-history":[{"count":0,"href":"https:\/\/utwstarachowice.pl\/index.php?rest_route=\/wp\/v2\/posts\/709\/revisions"}],"wp:attachment":[{"href":"https:\/\/utwstarachowice.pl\/index.php?rest_route=%2Fwp%2Fv2%2Fmedia&parent=709"}],"wp:term":[{"taxonomy":"category","embeddable":true,"href":"https:\/\/utwstarachowice.pl\/index.php?rest_route=%2Fwp%2Fv2%2Fcategories&post=709"},{"taxonomy":"post_tag","embeddable":true,"href":"https:\/\/utwstarachowice.pl\/index.php?rest_route=%2Fwp%2Fv2%2Ftags&post=709"}],"curies":[{"name":"wp","href":"https:\/\/api.w.org\/{rel}","templated":true}]}}