{"id":703,"date":"2021-01-23T13:32:58","date_gmt":"2021-01-23T12:32:58","guid":{"rendered":"https:\/\/utwstarachowice.pl\/2021\/01\/23\/kieleckie-towarzystwo-naukowe-zaprasza\/"},"modified":"2021-01-23T13:32:58","modified_gmt":"2021-01-23T12:32:58","slug":"kieleckie-towarzystwo-naukowe-zaprasza","status":"publish","type":"post","link":"https:\/\/utwstarachowice.pl\/?p=703","title":{"rendered":"KIELECKIE TOWARZYSTWO NAUKOWE ZAPRASZA"},"content":{"rendered":"<p class=\"v1MsoNormal\" style=\"text-align: justify;\">W dniu <strong>27 stycznia <\/strong>(\u015broda) <strong>2021 r.<\/strong> o godz. 12.00 odb\u0119dzie si\u0119 pierwsze po d\u0142ugiej przerwie\u201eSpotkanie ze \u017ar\u00f3d\u0142em archiwalnym&#8221; inauguruj\u0105ce cykl w roku 2021. Z uwagi na obostrzenia zwi\u0105zane z zapobieganiem rozprzestrzeniania si\u0119 pandemii, zmuszeni byli\u015bmy do odwo\u0142ania wi\u0119kszo\u015bci zaplanowanych na rok 2020<span>\u00a0 <\/span>spotka\u0144. W roku 2021 wracamy w formule on-line, a tematem pierwszego spotkania b\u0119dzie <strong><span style=\"text-decoration: underline;\">\u201e<\/span>Wie\u015b w \u017ar\u00f3dle archiwalnym&#8221;<\/strong>.<\/p>\n<p class=\"v1MsoNormal\" style=\"text-align: justify;\">Organizatorami spotkania s\u0105: Archiwum Pa\u0144stwowe w Kielcach oraz Instytut Historii Uniwersytetu Jana Kochanowskiego w Kielcach.<\/p>\n<p class=\"v1MsoNormal\" style=\"text-align: justify;\">Zapraszamy na kana\u0142 <a name=\"m_6299374929994080897_m_6435037357688474612_m_5727885766999365394_m_-2750258525472142811_m_3858257573208724048_m_1088355882243901083_m_5304991390821043553__GoBack\"><\/a>YouTube Archiwum Pa\u0144stwowego w Kielcach pod adresem <a href=\"https:\/\/www.youtube.com\/channel\/UC4I5GvnRlMwjEj0fNqbdbtw\" target=\"_blank\" rel=\"noreferrer noopener\"><strong>https:\/\/www.youtube.com\/channel\/UC4I5GvnRlMwjEj0fNqbdbtw<\/strong><\/a>, pocz\u0105tek godzina 12:00.<\/p>\n<p class=\"v1MsoNormal\" style=\"text-align: justify;\">W programie spotkania znajd\u0105 si\u0119 nast\u0119puj\u0105ce prelekcje:<\/p>\n<p class=\"v1MsoNormal\" style=\"text-align: justify;\"><strong>dr hab. prof. UJK Grzegorz Miernik<\/strong> (Instytut Historii Uniwersytetu Jana Kochanowskiego w Kielcach), Historia jednego listu, czyli o pracy historyka,<\/p>\n<p class=\"v1MsoNormal\" style=\"text-align: justify;\"><strong>dr Barbara Kasprzyk-Dulewicz<\/strong> (Muzeum Wsi Kieleckiej), Dziedzictwo kieleckiej wsi w \u015bwietle zbior\u00f3w archiwum zak\u0142adowego Muzeum Wsi Kieleckiej,<\/p>\n<p class=\"v1MsoNormal\" style=\"text-align: justify;\"><strong>dr Justyna Staszewska<\/strong> (Mauzoleum Martyrologii Wsi Polskich w Michniowie, oddzia\u0142 Muzeum Wsi Kieleckiej), Represje wobec mieszka\u0144c\u00f3w wsi Michni\u00f3w podczas II wojny \u015bwiatowej w pami\u0119tnikach i listach,<\/p>\n<p class=\"v1MsoNormal\" style=\"text-align: justify;\"><strong>Konrad Maj<\/strong> (Archiwum Pa\u0144stwowe w Kielcach). Materia\u0142y dotycz\u0105ce wsi w zasobie Archiwum Pa\u0144stwowego w Kielcach.<\/p>\n<p class=\"v1MsoNormal\" style=\"text-align: justify;\">Zaprezentowana b\u0119dzie tak\u017ce multimedialna wystawa przygotowana przez pracownik\u00f3w Muzeum Wsi Kieleckiej: <strong>dr. Krzysztofa Karbownika<\/strong> i <strong>Mariusza \u0141\u0119\u017cniaka<\/strong> pt.: \u201eZZZ&#8221; \u2013 Zbadane, Zgromadzone, Zarchiwizowane \u2013 materia\u0142y Archiwum Zak\u0142adowego Muzeum Wsi Kieleckiej&#8221;.<\/p>\n<p class=\"v1MsoNormal\" style=\"text-align: justify;\">Serdecznie zapraszamy.<\/p>\n<p class=\"v1MsoNormal\" style=\"text-align: justify;\">\u00a0v<\/p>\n","protected":false},"excerpt":{"rendered":"<p>W dniu 27 stycznia (\u015broda) 2021 r. o godz. 12.00 odb\u0119dzie si\u0119 pierwsze po d\u0142ugiej przerwie\u201eSpotkanie ze \u017ar\u00f3d\u0142em archiwalnym&#8221; inauguruj\u0105ce &hellip;<\/p>\n","protected":false},"author":3,"featured_media":0,"comment_status":"open","ping_status":"open","sticky":true,"template":"","format":"standard","meta":{"footnotes":""},"categories":[2],"tags":[],"_links":{"self":[{"href":"https:\/\/utwstarachowice.pl\/index.php?rest_route=\/wp\/v2\/posts\/703"}],"collection":[{"href":"https:\/\/utwstarachowice.pl\/index.php?rest_route=\/wp\/v2\/posts"}],"about":[{"href":"https:\/\/utwstarachowice.pl\/index.php?rest_route=\/wp\/v2\/types\/post"}],"author":[{"embeddable":true,"href":"https:\/\/utwstarachowice.pl\/index.php?rest_route=\/wp\/v2\/users\/3"}],"replies":[{"embeddable":true,"href":"https:\/\/utwstarachowice.pl\/index.php?rest_route=%2Fwp%2Fv2%2Fcomments&post=703"}],"version-history":[{"count":0,"href":"https:\/\/utwstarachowice.pl\/index.php?rest_route=\/wp\/v2\/posts\/703\/revisions"}],"wp:attachment":[{"href":"https:\/\/utwstarachowice.pl\/index.php?rest_route=%2Fwp%2Fv2%2Fmedia&parent=703"}],"wp:term":[{"taxonomy":"category","embeddable":true,"href":"https:\/\/utwstarachowice.pl\/index.php?rest_route=%2Fwp%2Fv2%2Fcategories&post=703"},{"taxonomy":"post_tag","embeddable":true,"href":"https:\/\/utwstarachowice.pl\/index.php?rest_route=%2Fwp%2Fv2%2Ftags&post=703"}],"curies":[{"name":"wp","href":"https:\/\/api.w.org\/{rel}","templated":true}]}}