{"id":700,"date":"2020-12-22T20:38:52","date_gmt":"2020-12-22T19:38:52","guid":{"rendered":"https:\/\/utwstarachowice.pl\/2020\/12\/22\/pozegnanie\/"},"modified":"2020-12-22T20:38:52","modified_gmt":"2020-12-22T19:38:52","slug":"pozegnanie","status":"publish","type":"post","link":"https:\/\/utwstarachowice.pl\/?p=700","title":{"rendered":"PO\u017bEGNANIE"},"content":{"rendered":"<p>Z g\u0142\u0119bokim smutkiem i \u017calem Zarz\u0105d UTW zawiadamia, \u017ce 22 grudnia odszed\u0142 nasz Kolega i Przyjaciel Stanis\u0142aw Szwugier &#8211; d\u0142ugoletni s\u0142uchacz UTW oraz cz\u0142onek Zarz\u0105du obecnej kadencji. Msza pogrzebowa b\u0119dzie odprawiana<strong> 24 grudnia o godz. 10 w ko\u015bciele pw. \u015awi\u0119tego Alberta (Or\u0142owo)<\/strong>. Po mszy uroczysto\u015bci pogrzebowe na <strong>cmentarzu komunalnym przy ulicy Radomskiej<\/strong>.<\/p>\n<p><img loading=\"lazy\" decoding=\"async\" class=\" alignleft size-full wp-image-699\" src=\"https:\/\/utwstarachowice.pl\/wp-content\/uploads\/2020\/12\/image.jpg\" border=\"0\" width=\"693\" height=\"512\" style=\"float: left;\" \/><\/p>\n","protected":false},"excerpt":{"rendered":"<p>Z g\u0142\u0119bokim smutkiem i \u017calem Zarz\u0105d UTW zawiadamia, \u017ce 22 grudnia odszed\u0142 nasz Kolega i Przyjaciel Stanis\u0142aw Szwugier &#8211; d\u0142ugoletni &hellip;<\/p>\n","protected":false},"author":3,"featured_media":699,"comment_status":"open","ping_status":"open","sticky":true,"template":"","format":"standard","meta":{"footnotes":""},"categories":[2],"tags":[],"_links":{"self":[{"href":"https:\/\/utwstarachowice.pl\/index.php?rest_route=\/wp\/v2\/posts\/700"}],"collection":[{"href":"https:\/\/utwstarachowice.pl\/index.php?rest_route=\/wp\/v2\/posts"}],"about":[{"href":"https:\/\/utwstarachowice.pl\/index.php?rest_route=\/wp\/v2\/types\/post"}],"author":[{"embeddable":true,"href":"https:\/\/utwstarachowice.pl\/index.php?rest_route=\/wp\/v2\/users\/3"}],"replies":[{"embeddable":true,"href":"https:\/\/utwstarachowice.pl\/index.php?rest_route=%2Fwp%2Fv2%2Fcomments&post=700"}],"version-history":[{"count":0,"href":"https:\/\/utwstarachowice.pl\/index.php?rest_route=\/wp\/v2\/posts\/700\/revisions"}],"wp:featuredmedia":[{"embeddable":true,"href":"https:\/\/utwstarachowice.pl\/index.php?rest_route=\/"}],"wp:attachment":[{"href":"https:\/\/utwstarachowice.pl\/index.php?rest_route=%2Fwp%2Fv2%2Fmedia&parent=700"}],"wp:term":[{"taxonomy":"category","embeddable":true,"href":"https:\/\/utwstarachowice.pl\/index.php?rest_route=%2Fwp%2Fv2%2Fcategories&post=700"},{"taxonomy":"post_tag","embeddable":true,"href":"https:\/\/utwstarachowice.pl\/index.php?rest_route=%2Fwp%2Fv2%2Ftags&post=700"}],"curies":[{"name":"wp","href":"https:\/\/api.w.org\/{rel}","templated":true}]}}