{"id":694,"date":"2020-11-06T19:29:05","date_gmt":"2020-11-06T18:29:05","guid":{"rendered":"https:\/\/utwstarachowice.pl\/2020\/11\/06\/zaproszenie-na-obchody-narodowego-swieta-niepodleglosci-11-listopada-2020r-w-starachowicach\/"},"modified":"2020-11-06T19:29:05","modified_gmt":"2020-11-06T18:29:05","slug":"zaproszenie-na-obchody-narodowego-swieta-niepodleglosci-11-listopada-2020r-w-starachowicach","status":"publish","type":"post","link":"https:\/\/utwstarachowice.pl\/?p=694","title":{"rendered":"Zaproszenie na Obchody Narodowego \u015awi\u0119ta Niepodleg\u0142o\u015bci 11 listopada 2020r. w Starachowicach"},"content":{"rendered":"<p><span style=\"font-size: medium;\">Prezydent Miasta Starachowice Marek Materek oraz Starosta Powiatu Starachowickiego Piotr Babicki zapraszaj\u0105 do wzi\u0119cia udzia\u0142u w Obchodach Narodowego \u015awi\u0119ta Niepodleg\u0142o\u015bci 11 listopada 2020r. w Starachowicach on-line. Wydarzenie transmitowane lub retransmitowane b\u0119dzie z Ko\u015bcio\u0142a p.w. Wszystkich \u015awi\u0119tych w Starachowicach.<\/span><\/p>\n<p style=\"text-align: center;\">\u00a0<img loading=\"lazy\" decoding=\"async\" class=\" size-full wp-image-693\" src=\"https:\/\/utwstarachowice.pl\/wp-content\/uploads\/2020\/11\/ZAPR_11-list-2020_mn825x600-2.jpg\" border=\"0\" alt=\"\" width=\"825\" height=\"600\" \/><\/p>\n<p style=\"text-align: left;\">Link do transmisji:<\/p>\n<p><a href=\"https:\/\/youtu.be\/7bLfTPwSJFU\" target=\"_blank\" rel=\"noreferrer noopener\">Link do wydarzenia<\/a><\/p>\n<p>\u00a0<\/p>\n","protected":false},"excerpt":{"rendered":"<p>Prezydent Miasta Starachowice Marek Materek oraz Starosta Powiatu Starachowickiego Piotr Babicki zapraszaj\u0105 do wzi\u0119cia udzia\u0142u w Obchodach Narodowego \u015awi\u0119ta Niepodleg\u0142o\u015bci &hellip;<\/p>\n","protected":false},"author":3,"featured_media":693,"comment_status":"open","ping_status":"open","sticky":true,"template":"","format":"standard","meta":{"footnotes":""},"categories":[2],"tags":[],"_links":{"self":[{"href":"https:\/\/utwstarachowice.pl\/index.php?rest_route=\/wp\/v2\/posts\/694"}],"collection":[{"href":"https:\/\/utwstarachowice.pl\/index.php?rest_route=\/wp\/v2\/posts"}],"about":[{"href":"https:\/\/utwstarachowice.pl\/index.php?rest_route=\/wp\/v2\/types\/post"}],"author":[{"embeddable":true,"href":"https:\/\/utwstarachowice.pl\/index.php?rest_route=\/wp\/v2\/users\/3"}],"replies":[{"embeddable":true,"href":"https:\/\/utwstarachowice.pl\/index.php?rest_route=%2Fwp%2Fv2%2Fcomments&post=694"}],"version-history":[{"count":0,"href":"https:\/\/utwstarachowice.pl\/index.php?rest_route=\/wp\/v2\/posts\/694\/revisions"}],"wp:featuredmedia":[{"embeddable":true,"href":"https:\/\/utwstarachowice.pl\/index.php?rest_route=\/"}],"wp:attachment":[{"href":"https:\/\/utwstarachowice.pl\/index.php?rest_route=%2Fwp%2Fv2%2Fmedia&parent=694"}],"wp:term":[{"taxonomy":"category","embeddable":true,"href":"https:\/\/utwstarachowice.pl\/index.php?rest_route=%2Fwp%2Fv2%2Fcategories&post=694"},{"taxonomy":"post_tag","embeddable":true,"href":"https:\/\/utwstarachowice.pl\/index.php?rest_route=%2Fwp%2Fv2%2Ftags&post=694"}],"curies":[{"name":"wp","href":"https:\/\/api.w.org\/{rel}","templated":true}]}}