{"id":676,"date":"2020-10-05T20:08:49","date_gmt":"2020-10-05T18:08:49","guid":{"rendered":"https:\/\/utwstarachowice.pl\/2020\/10\/05\/inauguracja-nowego-roku-akademickiego\/"},"modified":"2020-10-05T20:08:49","modified_gmt":"2020-10-05T18:08:49","slug":"inauguracja-nowego-roku-akademickiego","status":"publish","type":"post","link":"https:\/\/utwstarachowice.pl\/?p=676","title":{"rendered":"INAUGURACJA NOWEGO ROKU AKADEMICKIEGO"},"content":{"rendered":"<p><span style=\"font-size: large;\">Dzi\u015b, tj. 05.10.2020 o godzinie 10.00 odby\u0142a si\u0119 uroczysto\u015b\u0107 inauguracji nowego roku akademickiego 2020\/2021, w kt\u00f3rej uczestniczy\u0142o pi\u0119\u0107dziesi\u0119ciu s\u0142uchaczy UTW oraz o\u015bmiu zaproszonych go\u015bci. Skromne powitanie nowego roku, z uwagi na panuj\u0105ca pandemi\u0119 mia\u0142o miejsce w sali konferencyjnej Starostwa Powiatowego. <\/span><\/p>\n<p><span style=\"font-size: large;\">Oto kilka zdj\u0119\u0107 z tego wydarzenia:<\/span><\/p>\n<table style=\"height: 150px; width: 797px;\" border=\"0\" align=\"center\">\n<tbody>\n<tr>\n<td style=\"text-align: center;\"><img decoding=\"async\" class=\" size-full wp-image-375\" src=\"https:\/\/utwstarachowice.pl\/wp-content\/uploads\/2016\/11\/IMG_9184-scaled.jpg\" border=\"0\" width=\"512\" \/><\/td>\n<td style=\"text-align: center;\"><img decoding=\"async\" class=\" size-full wp-image-376\" src=\"https:\/\/utwstarachowice.pl\/wp-content\/uploads\/2016\/11\/IMG_9190-scaled.jpg\" border=\"0\" width=\"512\" \/><\/td>\n<\/tr>\n<tr>\n<td style=\"text-align: center;\"><img decoding=\"async\" class=\" size-full wp-image-377\" src=\"https:\/\/utwstarachowice.pl\/wp-content\/uploads\/2016\/11\/IMG_9206-scaled.jpg\" border=\"0\" width=\"512\" \/><\/td>\n<td style=\"text-align: center;\"><img decoding=\"async\" class=\" size-full wp-image-378\" src=\"https:\/\/utwstarachowice.pl\/wp-content\/uploads\/2016\/11\/IMG_9207-scaled.jpg\" border=\"0\" width=\"512\" \/><\/td>\n<\/tr>\n<tr>\n<td style=\"text-align: center;\"><img decoding=\"async\" class=\" size-full wp-image-379\" src=\"https:\/\/utwstarachowice.pl\/wp-content\/uploads\/2016\/11\/IMG_9213-scaled.jpg\" border=\"0\" width=\"512\" \/><\/td>\n<td style=\"text-align: center;\"><img decoding=\"async\" class=\" size-full wp-image-380\" src=\"https:\/\/utwstarachowice.pl\/wp-content\/uploads\/2016\/11\/IMG_9214-scaled.jpg\" border=\"0\" width=\"512\" \/><\/td>\n<\/tr>\n<tr>\n<td style=\"text-align: center;\"><img decoding=\"async\" class=\" size-full wp-image-381\" src=\"https:\/\/utwstarachowice.pl\/wp-content\/uploads\/2016\/11\/IMG_9219-scaled.jpg\" border=\"0\" width=\"512\" \/><\/td>\n<td style=\"text-align: center;\"><img decoding=\"async\" class=\" size-full wp-image-382\" src=\"https:\/\/utwstarachowice.pl\/wp-content\/uploads\/2016\/11\/IMG_9224-scaled.jpg\" border=\"0\" width=\"512\" \/><\/td>\n<\/tr>\n<tr>\n<td style=\"text-align: center;\"><img decoding=\"async\" class=\" size-full wp-image-383\" src=\"https:\/\/utwstarachowice.pl\/wp-content\/uploads\/2016\/11\/IMG_9238-scaled.jpg\" border=\"0\" width=\"512\" \/><\/td>\n<td style=\"text-align: center;\"><img decoding=\"async\" class=\" size-full wp-image-384\" src=\"https:\/\/utwstarachowice.pl\/wp-content\/uploads\/2016\/11\/IMG_9235-scaled.jpg\" border=\"0\" width=\"512\" \/><\/td>\n<\/tr>\n<tr>\n<td style=\"text-align: center;\"><img decoding=\"async\" class=\" size-full wp-image-385\" src=\"https:\/\/utwstarachowice.pl\/wp-content\/uploads\/2016\/11\/IMG_9225-scaled.jpg\" border=\"0\" width=\"512\" \/><\/td>\n<td style=\"text-align: center;\"><img decoding=\"async\" class=\" size-full wp-image-386\" src=\"https:\/\/utwstarachowice.pl\/wp-content\/uploads\/2016\/11\/IMG_9245-scaled.jpg\" border=\"0\" width=\"512\" \/><\/td>\n<\/tr>\n<tr>\n<td style=\"text-align: center;\"><img decoding=\"async\" class=\" size-full wp-image-387\" src=\"https:\/\/utwstarachowice.pl\/wp-content\/uploads\/2016\/11\/IMG_9253-scaled.jpg\" border=\"0\" width=\"512\" \/><\/td>\n<td style=\"text-align: center;\"><img decoding=\"async\" class=\" size-full wp-image-388\" src=\"https:\/\/utwstarachowice.pl\/wp-content\/uploads\/2016\/11\/IMG_9264-scaled.jpg\" border=\"0\" width=\"512\" \/><\/td>\n<\/tr>\n<\/tbody>\n<\/table>\n<p>\u00a0<\/p>\n<p>\u00a0<\/p>\n","protected":false},"excerpt":{"rendered":"<p>Dzi\u015b, tj. 05.10.2020 o godzinie 10.00 odby\u0142a si\u0119 uroczysto\u015b\u0107 inauguracji nowego roku akademickiego 2020\/2021, w kt\u00f3rej uczestniczy\u0142o pi\u0119\u0107dziesi\u0119ciu s\u0142uchaczy UTW &hellip;<\/p>\n","protected":false},"author":3,"featured_media":375,"comment_status":"open","ping_status":"open","sticky":true,"template":"","format":"standard","meta":{"footnotes":""},"categories":[2],"tags":[],"_links":{"self":[{"href":"https:\/\/utwstarachowice.pl\/index.php?rest_route=\/wp\/v2\/posts\/676"}],"collection":[{"href":"https:\/\/utwstarachowice.pl\/index.php?rest_route=\/wp\/v2\/posts"}],"about":[{"href":"https:\/\/utwstarachowice.pl\/index.php?rest_route=\/wp\/v2\/types\/post"}],"author":[{"embeddable":true,"href":"https:\/\/utwstarachowice.pl\/index.php?rest_route=\/wp\/v2\/users\/3"}],"replies":[{"embeddable":true,"href":"https:\/\/utwstarachowice.pl\/index.php?rest_route=%2Fwp%2Fv2%2Fcomments&post=676"}],"version-history":[{"count":0,"href":"https:\/\/utwstarachowice.pl\/index.php?rest_route=\/wp\/v2\/posts\/676\/revisions"}],"wp:featuredmedia":[{"embeddable":true,"href":"https:\/\/utwstarachowice.pl\/index.php?rest_route=\/"}],"wp:attachment":[{"href":"https:\/\/utwstarachowice.pl\/index.php?rest_route=%2Fwp%2Fv2%2Fmedia&parent=676"}],"wp:term":[{"taxonomy":"category","embeddable":true,"href":"https:\/\/utwstarachowice.pl\/index.php?rest_route=%2Fwp%2Fv2%2Fcategories&post=676"},{"taxonomy":"post_tag","embeddable":true,"href":"https:\/\/utwstarachowice.pl\/index.php?rest_route=%2Fwp%2Fv2%2Ftags&post=676"}],"curies":[{"name":"wp","href":"https:\/\/api.w.org\/{rel}","templated":true}]}}