{"id":675,"date":"2020-10-04T09:53:04","date_gmt":"2020-10-04T07:53:04","guid":{"rendered":"https:\/\/utwstarachowice.pl\/2020\/10\/04\/inauguracja-nowego-roku-akademickiego-2020-2021\/"},"modified":"2020-10-04T09:53:04","modified_gmt":"2020-10-04T07:53:04","slug":"inauguracja-nowego-roku-akademickiego-2020-2021","status":"publish","type":"post","link":"https:\/\/utwstarachowice.pl\/?p=675","title":{"rendered":"INAUGURACJA NOWEGO ROKU AKADEMICKIEGO 2020\/2021"},"content":{"rendered":"<p><span style=\"font-size: medium;\">\u00a0<\/span><span style=\"font-size: medium;\">Dnia 5<\/span><span style=\"font-size: medium;\">pa\u017adziernika (poniedzia\u0142ek) o godz. 10<\/span><sup>00<\/sup><span style=\"font-size: medium;\"> odb\u0119dzie si\u0119 inauguracja Roku Akademickiego 2020\/2021 dla S\u0142uchaczy UTW w Sali Konferencyjnej Starostwa Powiatowego ul. Borkowskiego 4. Z powodu panuj\u0105cej pandemii COVID-19 na tej uroczysto\u015bci mo\u017ce by\u0107 ograniczona ilo\u015b\u0107 os\u00f3b .List\u0119 os\u00f3b obecnych na spotkaniu prowadzi kol. Wiesia P\u0119czek. Jest dobra wiadomo\u015b\u0107 -inauguracja b\u0119dzie transmitowana na \u017cywo w internecie na stronie Starostwa i na facebooku.<\/span><\/p>\n","protected":false},"excerpt":{"rendered":"<p>\u00a0Dnia 5pa\u017adziernika (poniedzia\u0142ek) o godz. 1000 odb\u0119dzie si\u0119 inauguracja Roku Akademickiego 2020\/2021 dla S\u0142uchaczy UTW w Sali Konferencyjnej Starostwa Powiatowego &hellip;<\/p>\n","protected":false},"author":3,"featured_media":0,"comment_status":"open","ping_status":"open","sticky":true,"template":"","format":"standard","meta":{"footnotes":""},"categories":[2],"tags":[],"_links":{"self":[{"href":"https:\/\/utwstarachowice.pl\/index.php?rest_route=\/wp\/v2\/posts\/675"}],"collection":[{"href":"https:\/\/utwstarachowice.pl\/index.php?rest_route=\/wp\/v2\/posts"}],"about":[{"href":"https:\/\/utwstarachowice.pl\/index.php?rest_route=\/wp\/v2\/types\/post"}],"author":[{"embeddable":true,"href":"https:\/\/utwstarachowice.pl\/index.php?rest_route=\/wp\/v2\/users\/3"}],"replies":[{"embeddable":true,"href":"https:\/\/utwstarachowice.pl\/index.php?rest_route=%2Fwp%2Fv2%2Fcomments&post=675"}],"version-history":[{"count":0,"href":"https:\/\/utwstarachowice.pl\/index.php?rest_route=\/wp\/v2\/posts\/675\/revisions"}],"wp:attachment":[{"href":"https:\/\/utwstarachowice.pl\/index.php?rest_route=%2Fwp%2Fv2%2Fmedia&parent=675"}],"wp:term":[{"taxonomy":"category","embeddable":true,"href":"https:\/\/utwstarachowice.pl\/index.php?rest_route=%2Fwp%2Fv2%2Fcategories&post=675"},{"taxonomy":"post_tag","embeddable":true,"href":"https:\/\/utwstarachowice.pl\/index.php?rest_route=%2Fwp%2Fv2%2Ftags&post=675"}],"curies":[{"name":"wp","href":"https:\/\/api.w.org\/{rel}","templated":true}]}}