{"id":674,"date":"2020-09-30T19:34:14","date_gmt":"2020-09-30T17:34:14","guid":{"rendered":"https:\/\/utwstarachowice.pl\/2020\/09\/30\/pazdziernikowe-wydanie-gazety-senior\/"},"modified":"2020-09-30T19:34:14","modified_gmt":"2020-09-30T17:34:14","slug":"pazdziernikowe-wydanie-gazety-senior","status":"publish","type":"post","link":"https:\/\/utwstarachowice.pl\/?p=674","title":{"rendered":"PA\u0179DZIERNIKOWE WYDANIE GAZETY SENIOR"},"content":{"rendered":"<p><span>Drodzy Czytelnicy, dni senior\u00f3w w tym roku przebiegaj\u0105 w nowej formule i re\u017cimie sanitarnym, na szcz\u0119\u015bcie bez wi\u0119kszych trudno\u015bci. Dzi\u015b zapraszamy do Poznania na 10. edycj\u0119 \u201eSenioralni. Pozna\u0144\u201d. Najstarsi mieszka\u0144cy stolicy Wielkopolski b\u0119d\u0105 \u015bwi\u0119towa\u0107 od 5 do 15 pa\u017adziernika zar\u00f3wno tradycyjnie, jak i online, a nowa rzeczywisto\u015b\u0107 sprowokowa\u0142a Pozna\u0144 do nietypowej inauguracji \u015bwi\u0119ta senior\u00f3w, o czym przeczytacie w materiale Aleksandry Gracjasz pt. &#8222;Lawina bieg od tego zmienia&#8221;. Ciekawe nie tylko dla poznaniak\u00f3w.<\/span><\/p>\n<p><span><span>Redaktorzy Gazety Senior &#8211; spotkania autorskie, blog, nagrody<\/span><br \/><a href=\"https:\/\/link.freshmail.mx\/c\/wufpextna1\/q4nxrcl1lt\" target=\"_blank\" rel=\"noreferrer noopener\"><span>Spotkanie autorskie z dr Jadwig\u0105 Kwiek<\/span><\/a><span>, psychologiem i psychoterapeut\u0105, znan\u0105 Wam z cyklu ABC Psychologii dla senior\u00f3w, kt\u00f3ry publikujemy co miesi\u0105c na \u0142amach Gazety Senior. Dr Kwiek jest r\u00f3wnie\u017c autork\u0105 ksi\u0105\u017cki &#8222;Jak \u017cy\u0107, jak&#8230;przepis na cz\u0142owieka&#8221; dedykowanej seniorom. Spotkanie we Wroc\u0142awiu 2 pa\u017adziernika, w Poznaniu 12 pa\u017adziernika. Zapraszamy.<\/span><\/p>\n<p><span>Redaktorka Gazety Senior &#8211; Krystyna Zi\u0119tak &#8211; zosta\u0142a wyr\u00f3\u017cniona przez Wroc\u0142awsk\u0105 Rad\u0119 Senior\u00f3w nagrod\u0105 &#8222;Przyjaciel Senior\u00f3w&#8221;. Jednym z powod\u00f3w, dla kt\u00f3rego otrzyma\u0142a statuetk\u0119 z r\u0105k Prezydenta Wroc\u0142awia, jest jej blog Wirtualna Kultura 60+.<\/span><span>\u00a0Rozmowa z &#8222;Krysi\u0105 m\u0105cicielk\u0105&#8221; w wydaniu. Gor\u0105co polecamy!<\/span><\/p>\n<p><span>Zdrowie senior\u00f3w<\/span><br \/><span>Cho\u0107 jest kwesti\u0105 kluczow\u0105, to niestety raport Krajowego Instytutu Gospodarki Senioralnej nie pozostawia z\u0142udze\u0144, czas pandemii to katastrofalne w skutkach przerwane terapie, brak dost\u0119pu do lekarzy specjalist\u00f3w i rzetelnej wiedzy, jak si\u0119 chroni\u0107. W pa\u017adziernikowym numerze publikujemy wnioski z raportu.<\/span><\/p>\n<p><span>Koronarzeczywisto\u015b\u0107 seniora<\/span><br \/><span>W wydaniu znajdziecie wiele przyk\u0142ad\u00f3w senioralnych postaw wobec pandemii. S\u0105 tacy, co bloguj\u0105 i nie zwalniaj\u0105 tempa. Niekt\u00f3rzy seniorzy poszli o krok dalej i nakr\u0119cili filmy o pandemii. Sporo dzia\u0142a\u0144 uda\u0142o si\u0119 przenie\u015b\u0107 do sieci, co ma swoje plusy, pozwala utrzymywa\u0107 relacje z bliskimi, korzysta\u0107 z kultury, edukacji i zasob\u00f3w, od kt\u00f3rych zostali\u015bmy odci\u0119ci. Na cyfrowych debiutant\u00f3w czeka wsparcie!<\/span><\/span><\/p>\n<p><span><br \/><a href=\"https:\/\/link.freshmail.mx\/c\/djmughi9xl\/q4nxrcl1lt\" target=\"_blank\" rel=\"noreferrer noopener\"><span>Moda i Uroda na GazetaSenior.pl Sprawd\u017a online<\/span><\/a><br \/><span>Spotkanie w internecie, na skypie, zoomie to tak\u017ce okazja do zadbania o siebie nie wychodz\u0105c z domu.<\/span><br \/><span>Co zrobi\u0107, gdy wypadaj\u0105 nam w\u0142osy?\u00a0<\/span><\/span>Dlaczego warto wzbogaci\u0107 codzienn\u0105 piel\u0119gnacj\u0119 o serum?\u00a0Sprawd\u017a r\u00f3wnie\u017c, jak wa\u017cna jest psychika w kwestii odchudzania w artykule pt. &#8222;<a href=\"https:\/\/link.freshmail.mx\/c\/cr16pqp936\/q4nxrcl1lt\" target=\"_blank\" rel=\"noreferrer noopener\">Po co tyjemy<\/a>&#8222;?<\/p>\n","protected":false},"excerpt":{"rendered":"<p>Drodzy Czytelnicy, dni senior\u00f3w w tym roku przebiegaj\u0105 w nowej formule i re\u017cimie sanitarnym, na szcz\u0119\u015bcie bez wi\u0119kszych trudno\u015bci. Dzi\u015b &hellip;<\/p>\n","protected":false},"author":3,"featured_media":0,"comment_status":"open","ping_status":"open","sticky":true,"template":"","format":"standard","meta":{"footnotes":""},"categories":[2],"tags":[],"_links":{"self":[{"href":"https:\/\/utwstarachowice.pl\/index.php?rest_route=\/wp\/v2\/posts\/674"}],"collection":[{"href":"https:\/\/utwstarachowice.pl\/index.php?rest_route=\/wp\/v2\/posts"}],"about":[{"href":"https:\/\/utwstarachowice.pl\/index.php?rest_route=\/wp\/v2\/types\/post"}],"author":[{"embeddable":true,"href":"https:\/\/utwstarachowice.pl\/index.php?rest_route=\/wp\/v2\/users\/3"}],"replies":[{"embeddable":true,"href":"https:\/\/utwstarachowice.pl\/index.php?rest_route=%2Fwp%2Fv2%2Fcomments&post=674"}],"version-history":[{"count":0,"href":"https:\/\/utwstarachowice.pl\/index.php?rest_route=\/wp\/v2\/posts\/674\/revisions"}],"wp:attachment":[{"href":"https:\/\/utwstarachowice.pl\/index.php?rest_route=%2Fwp%2Fv2%2Fmedia&parent=674"}],"wp:term":[{"taxonomy":"category","embeddable":true,"href":"https:\/\/utwstarachowice.pl\/index.php?rest_route=%2Fwp%2Fv2%2Fcategories&post=674"},{"taxonomy":"post_tag","embeddable":true,"href":"https:\/\/utwstarachowice.pl\/index.php?rest_route=%2Fwp%2Fv2%2Ftags&post=674"}],"curies":[{"name":"wp","href":"https:\/\/api.w.org\/{rel}","templated":true}]}}