{"id":673,"date":"2020-09-30T19:19:58","date_gmt":"2020-09-30T17:19:58","guid":{"rendered":"https:\/\/utwstarachowice.pl\/2020\/09\/30\/komunikaty-dla-sluchaczy-utw-pazdziernik-2020r\/"},"modified":"2020-09-30T19:19:58","modified_gmt":"2020-09-30T17:19:58","slug":"komunikaty-dla-sluchaczy-utw-pazdziernik-2020r","status":"publish","type":"post","link":"https:\/\/utwstarachowice.pl\/?p=673","title":{"rendered":"KOMUNIKATY DLA S\u0141UCHACZY UTW &#8211; PA\u0179DZIERNIK 2020r."},"content":{"rendered":"<p><span style=\"font-size: medium;\">KOMUNIKATY DLA S\u0141UCHACZY UTW &#8211; PA\u0179DZIERNIK 2020r.<\/span><\/p>\n<p><span style=\"font-size: medium;\">\u00a0<\/span><\/p>\n<p><span style=\"font-size: medium;\">05. 10 .2020r. Godz.10<sup>00<\/sup> &#8211; Uroczysta inauguracja roku akademickiego 2020\/ 2021 odb\u0119dzie si\u0119 w sali konferencyjnej Starostwa Powiatowego.<\/span><\/p>\n<p><span style=\"font-size: medium;\">10.10. ( sobota) wycieczka edukacyjna \u2013 na zaproszenie Pana Edwarda P\u0142usy zwiedzamy firm\u0119 \u201cStarpol\u201d. Zbi\u00f3rka o godz. 10<sup>00<\/sup> na parkingu Lidla ul. Radomska.<\/span><\/p>\n<p><span style=\"font-size: medium;\">12.10(poniedzia\u0142ek) o godz.10<sup>00<\/sup>\u00a0sala 33-<sup>\u00a0<\/sup>spotkanie z prezesem ZEC b\u0119dzie omawiany temat-(IOE) budowa instalacji odzysku energii w Starachowicach.<\/span><\/p>\n<p><span style=\"font-size: medium;\">13.10. o godz. 12<sup>00<\/sup> w MBP przy ul. Kochanowskiego odb\u0119dzie si\u0119 wyk\u0142ad o tw\u00f3rczo\u015bci Leopolda Tyrmanda, kt\u00f3ry poprowadzi pracownik naukowy UJK w Kielcach. Ilo\u015b\u0107 zaprosze\u0144 jest ograniczona, dlatego cz\u0142onkowie sekcji literackiej proszeni s\u0105 o zapisanie si\u0119 na list\u0119 w\u00a0biurze.<\/span><\/p>\n<p><span style=\"font-size: medium;\">14.10. Dzie\u0144 Edukacji Narodowej \u2013 wycieczka do Wi\u015blicy, Szyd\u0142owa &#8211; dofinansowana z Projektu . Wyjazd godz. 7<sup>30<\/sup> ul. Gliniana 10a.<\/span><\/p>\n<p><span style=\"font-size: medium;\">16.10. godz,17<sup>00<\/sup>. Wernisa\u017c wystawy \u201c Przemys\u0142 domowy\u201d \u2013 Hala lejnicza w MPiT.<\/span><\/p>\n<p><span style=\"font-size: medium;\">17.10. &#8211; spacer edukacyjny \u2013 historia miejsc pami\u0119ci narodowej w Starachowicach.<\/span><br \/><span style=\"font-size: medium;\"> Zbi\u00f3rka ul. Gliniana o godz. 10<sup>00<\/sup> (prowadzi El\u017cbieta Durlej).<\/span><\/p>\n<p><span style=\"font-size: medium;\">19.10. godz. 10<sup>00<\/sup> sala 33 \u2013 historia Starachowic w starej fotografii \u2013 prezentacja oraz prelekcja Zbigniewa Kopa\u0144skiego.<\/span><\/p>\n<p><span style=\"font-size: medium;\">24.10 godz. 10<sup>00<\/sup>&#8211; spacer edukacyjny do Lipia \u2013 wsp\u00f3lne grzybobranie. Zbi\u00f3rka przy rondzie ul. Le\u015bna\/ Ko\u015bcielna.<\/span><\/p>\n<p><span style=\"font-size: medium;\">26. 10. &#8211; Starachowice w oczach architekta miasta \u2013 prelekcja Marcina Bednarczyka\u2013 architekta Starachowic.<\/span><\/p>\n<p><span style=\"font-size: medium;\">31.10.- Spacer edukacyjny \u2013 Historia powstania i funkcje zbiornika wodnego Pasternik<\/span><br \/><span style=\"font-size: medium;\"> zbi\u00f3rka przy Dworcu Zachodnim PKP o godz,10<sup>00<\/sup> Prowadzi E. Durlej.<\/span><\/p>\n","protected":false},"excerpt":{"rendered":"<p>KOMUNIKATY DLA S\u0141UCHACZY UTW &#8211; PA\u0179DZIERNIK 2020r. \u00a0 05. 10 .2020r. Godz.1000 &#8211; Uroczysta inauguracja roku akademickiego 2020\/ 2021 odb\u0119dzie &hellip;<\/p>\n","protected":false},"author":3,"featured_media":0,"comment_status":"open","ping_status":"open","sticky":true,"template":"","format":"standard","meta":{"footnotes":""},"categories":[2],"tags":[],"_links":{"self":[{"href":"https:\/\/utwstarachowice.pl\/index.php?rest_route=\/wp\/v2\/posts\/673"}],"collection":[{"href":"https:\/\/utwstarachowice.pl\/index.php?rest_route=\/wp\/v2\/posts"}],"about":[{"href":"https:\/\/utwstarachowice.pl\/index.php?rest_route=\/wp\/v2\/types\/post"}],"author":[{"embeddable":true,"href":"https:\/\/utwstarachowice.pl\/index.php?rest_route=\/wp\/v2\/users\/3"}],"replies":[{"embeddable":true,"href":"https:\/\/utwstarachowice.pl\/index.php?rest_route=%2Fwp%2Fv2%2Fcomments&post=673"}],"version-history":[{"count":0,"href":"https:\/\/utwstarachowice.pl\/index.php?rest_route=\/wp\/v2\/posts\/673\/revisions"}],"wp:attachment":[{"href":"https:\/\/utwstarachowice.pl\/index.php?rest_route=%2Fwp%2Fv2%2Fmedia&parent=673"}],"wp:term":[{"taxonomy":"category","embeddable":true,"href":"https:\/\/utwstarachowice.pl\/index.php?rest_route=%2Fwp%2Fv2%2Fcategories&post=673"},{"taxonomy":"post_tag","embeddable":true,"href":"https:\/\/utwstarachowice.pl\/index.php?rest_route=%2Fwp%2Fv2%2Ftags&post=673"}],"curies":[{"name":"wp","href":"https:\/\/api.w.org\/{rel}","templated":true}]}}