{"id":6688,"date":"2026-09-04T16:41:42","date_gmt":"2026-09-04T14:41:42","guid":{"rendered":"https:\/\/utwstarachowice.pl\/?p=6688"},"modified":"2026-09-04T16:44:22","modified_gmt":"2026-09-04T14:44:22","slug":"spotkanie-szkoleniowe-typu-kick-off-dla-beneficjentow-programu-erasmus-w-sektorze-edukacja-doroslych","status":"publish","type":"post","link":"https:\/\/utwstarachowice.pl\/?p=6688","title":{"rendered":"Spotkanie szkoleniowe typu Kick-off dla beneficjent\u00f3w programu Erasmus+ w sektorze Edukacja doros\u0142ych."},"content":{"rendered":"\n<p>W dniu dzisiejszym reprezentuj\u0105c Uniwersytet Trzeciego Wieku w Starachowicach wzi\u0119li\u015bmy udzia\u0142 w oficjalnym spotkaniu szkoleniowym typu Kick-off dla beneficjent\u00f3w programu Erasmus+ w sektorze Edukacja doros\u0142ych.<br>Szkolenie dotyczy\u0142o realizacji projekt\u00f3w w ramach Akcji 2 \u2013 Partnerstwa na rzecz wsp\u00f3\u0142pracy z konkursu 2026.<br>Podczas spotkania zorganizowanego przez Narodow\u0105 Agencj\u0119 Programu Erasmus+ i Europejski Korpus Solidarno\u015bci om\u00f3wione zosta\u0142y kluczowe aspekty zwi\u0105zane z prawid\u0142ow\u0105 realizacj\u0105 nowych przedsi\u0119wzi\u0119\u0107.<br>Warsztaty i panele informacyjne koncentrowa\u0142y si\u0119 wok\u00f3\u0142: formalnych i prawnych procedur zarz\u0105dzania projektami mi\u0119dzynarodowymi, mechanizm\u00f3w finansowych oraz zasad rozliczania funduszy europejskich, obowi\u0105zk\u00f3w w zakresie upowszechniania rezultat\u00f3w oraz zapewnienia widoczno\u015bci finansowania Unii Europejskiej.<\/p>\n\n\n\n<p>Zdobyta wiedza i wytyczne pozwol\u0105 nam na efektywne oraz zgodne z procedurami na pe\u0142nienie roli lidera i zarz\u0105dzanie nadchodz\u0105cym projektem.<br><\/p>\n\n\n\n<figure class=\"wp-block-image\"><img loading=\"lazy\" decoding=\"async\" width=\"1600\" height=\"1200\" src=\"https:\/\/utwstarachowice.pl\/wp-content\/uploads\/2026\/09\/cRcmUvgj.jpg\" alt=\"\" class=\"wp-image-6689\" srcset=\"https:\/\/utwstarachowice.pl\/wp-content\/uploads\/2026\/09\/cRcmUvgj.jpg 1600w, https:\/\/utwstarachowice.pl\/wp-content\/uploads\/2026\/09\/cRcmUvgj-300x225.jpg 300w, https:\/\/utwstarachowice.pl\/wp-content\/uploads\/2026\/09\/cRcmUvgj-1024x768.jpg 1024w, https:\/\/utwstarachowice.pl\/wp-content\/uploads\/2026\/09\/cRcmUvgj-768x576.jpg 768w, https:\/\/utwstarachowice.pl\/wp-content\/uploads\/2026\/09\/cRcmUvgj-1536x1152.jpg 1536w\" sizes=\"(max-width: 1600px) 100vw, 1600px\" \/><\/figure>\n","protected":false},"excerpt":{"rendered":"<p>W dniu dzisiejszym reprezentuj\u0105c Uniwersytet Trzeciego Wieku w Starachowicach wzi\u0119li\u015bmy udzia\u0142 w oficjalnym spotkaniu szkoleniowym typu Kick-off dla beneficjent\u00f3w programu &hellip;<\/p>\n","protected":false},"author":3,"featured_media":0,"comment_status":"closed","ping_status":"closed","sticky":true,"template":"","format":"standard","meta":{"footnotes":""},"categories":[40,49],"tags":[],"_links":{"self":[{"href":"https:\/\/utwstarachowice.pl\/index.php?rest_route=\/wp\/v2\/posts\/6688"}],"collection":[{"href":"https:\/\/utwstarachowice.pl\/index.php?rest_route=\/wp\/v2\/posts"}],"about":[{"href":"https:\/\/utwstarachowice.pl\/index.php?rest_route=\/wp\/v2\/types\/post"}],"author":[{"embeddable":true,"href":"https:\/\/utwstarachowice.pl\/index.php?rest_route=\/wp\/v2\/users\/3"}],"replies":[{"embeddable":true,"href":"https:\/\/utwstarachowice.pl\/index.php?rest_route=%2Fwp%2Fv2%2Fcomments&post=6688"}],"version-history":[{"count":2,"href":"https:\/\/utwstarachowice.pl\/index.php?rest_route=\/wp\/v2\/posts\/6688\/revisions"}],"predecessor-version":[{"id":6691,"href":"https:\/\/utwstarachowice.pl\/index.php?rest_route=\/wp\/v2\/posts\/6688\/revisions\/6691"}],"wp:attachment":[{"href":"https:\/\/utwstarachowice.pl\/index.php?rest_route=%2Fwp%2Fv2%2Fmedia&parent=6688"}],"wp:term":[{"taxonomy":"category","embeddable":true,"href":"https:\/\/utwstarachowice.pl\/index.php?rest_route=%2Fwp%2Fv2%2Fcategories&post=6688"},{"taxonomy":"post_tag","embeddable":true,"href":"https:\/\/utwstarachowice.pl\/index.php?rest_route=%2Fwp%2Fv2%2Ftags&post=6688"}],"curies":[{"name":"wp","href":"https:\/\/api.w.org\/{rel}","templated":true}]}}