{"id":667,"date":"2020-09-29T15:21:56","date_gmt":"2020-09-29T13:21:56","guid":{"rendered":"https:\/\/utwstarachowice.pl\/2020\/09\/29\/nowy-rok-akademicki-2020-2021\/"},"modified":"2020-09-29T15:21:56","modified_gmt":"2020-09-29T13:21:56","slug":"nowy-rok-akademicki-2020-2021","status":"publish","type":"post","link":"https:\/\/utwstarachowice.pl\/?p=667","title":{"rendered":"NOWY ROK AKADEMICKI 2020\/2021"},"content":{"rendered":"<p><span style=\"color: #003300; font-size: medium;\">Inauguracja roku akademickiego 2020\/2021odb\u0119dzie si\u0119 5pa\u017cdziernika o godz.10<sup>00<\/sup> w sali konferencyjnej Starostwa Powiatowego. Ze wzgl\u0119du na pandemi\u0119 mo\u017ce w niej uczestniczy\u0107 jedynie 30 os\u00f3b oraz zaproszeni go\u015bcie. Inauguracj\u0119 b\u0119dzie mo\u017cna ogl\u0105da\u0107 na stronie internetowej Starostwa i w telewizji kablowej.<\/span><\/p>\n","protected":false},"excerpt":{"rendered":"<p>Inauguracja roku akademickiego 2020\/2021odb\u0119dzie si\u0119 5pa\u017cdziernika o godz.1000 w sali konferencyjnej Starostwa Powiatowego. Ze wzgl\u0119du na pandemi\u0119 mo\u017ce w niej &hellip;<\/p>\n","protected":false},"author":3,"featured_media":0,"comment_status":"open","ping_status":"open","sticky":true,"template":"","format":"standard","meta":{"footnotes":""},"categories":[2],"tags":[],"_links":{"self":[{"href":"https:\/\/utwstarachowice.pl\/index.php?rest_route=\/wp\/v2\/posts\/667"}],"collection":[{"href":"https:\/\/utwstarachowice.pl\/index.php?rest_route=\/wp\/v2\/posts"}],"about":[{"href":"https:\/\/utwstarachowice.pl\/index.php?rest_route=\/wp\/v2\/types\/post"}],"author":[{"embeddable":true,"href":"https:\/\/utwstarachowice.pl\/index.php?rest_route=\/wp\/v2\/users\/3"}],"replies":[{"embeddable":true,"href":"https:\/\/utwstarachowice.pl\/index.php?rest_route=%2Fwp%2Fv2%2Fcomments&post=667"}],"version-history":[{"count":0,"href":"https:\/\/utwstarachowice.pl\/index.php?rest_route=\/wp\/v2\/posts\/667\/revisions"}],"wp:attachment":[{"href":"https:\/\/utwstarachowice.pl\/index.php?rest_route=%2Fwp%2Fv2%2Fmedia&parent=667"}],"wp:term":[{"taxonomy":"category","embeddable":true,"href":"https:\/\/utwstarachowice.pl\/index.php?rest_route=%2Fwp%2Fv2%2Fcategories&post=667"},{"taxonomy":"post_tag","embeddable":true,"href":"https:\/\/utwstarachowice.pl\/index.php?rest_route=%2Fwp%2Fv2%2Ftags&post=667"}],"curies":[{"name":"wp","href":"https:\/\/api.w.org\/{rel}","templated":true}]}}