{"id":6666,"date":"2026-08-25T17:10:07","date_gmt":"2026-08-25T15:10:07","guid":{"rendered":"https:\/\/utwstarachowice.pl\/?p=6666"},"modified":"2026-09-02T19:29:17","modified_gmt":"2026-09-02T17:29:17","slug":"teresa-prokop-1954-2026","status":"publish","type":"post","link":"https:\/\/utwstarachowice.pl\/?p=6666","title":{"rendered":"Teresa Prokop 1954 &#8211; 2026"},"content":{"rendered":"\n<p>Droga Tereso, Nasza Przyjaci\u00f3\u0142ko.<br>S\u0105 chwile, wobec kt\u00f3rych brakuje s\u0142\u00f3w. Chwile, gdy serce nie chce uwierzy\u0107, \u017ce kto\u015b, kto by\u0142 tak blisko, odszed\u0142 na zawsze. Dzi\u015b \u017cegnamy Ciebie \u2013 nasz\u0105 Kole\u017cank\u0119, Przyjaci\u00f3\u0142k\u0119, osob\u0119 niezwykle dobr\u0105, pogodn\u0105 i oddan\u0105 ludziom.<br>Pozostawi\u0142a\u015b po sobie nie tylko wspomnienia, ale tak\u017ce \u015blad w sercach wszystkich, kt\u00f3rzy mieli szcz\u0119\u015bcie Ci\u0119 pozna\u0107.<br>By\u0142a\u015b sekretarzem Zarz\u0105du Uniwersytetu Trzeciego Wieku. Swoj\u0105 funkcj\u0119 pe\u0142ni\u0142a\u015b z wielk\u0105 odpowiedzialno\u015bci\u0105, sumienno\u015bci\u0105 i skromno\u015bci\u0105. Nigdy nie szuka\u0142a\u015b uznania dla siebie. Najwa\u017cniejsi byli dla Ciebie ludzie i dobro naszej wsp\u00f3lnoty. Zawsze mo\u017cna by\u0142o liczy\u0107 na Twoj\u0105 pomoc, cierpliwo\u015b\u0107 i \u017cyczliwe s\u0142owo.<br>Twoja obecno\u015b\u0107 nie ogranicza\u0142a si\u0119 do pracy w Zarz\u0105dzie. By\u0142a\u015b wsz\u0119dzie tam, gdzie t\u0119tni\u0142o \u017cycie naszego Uniwersytetu. Z rado\u015bci\u0105 uczestniczy\u0142a\u015b w zaj\u0119ciach, z pasj\u0105 anga\u017cowa\u0142a\u015b si\u0119 w dzia\u0142alno\u015b\u0107 sekcji ta\u0144ca, teatru i \u201eEko Ogr\u00f3d\u201d. Wnosi\u0142a\u015b do ka\u017cdej z nich u\u015bmiech, energi\u0119 i niezwyk\u0142e ciep\u0142o. Potrafi\u0142a\u015b jednoczy\u0107 ludzi, dodawa\u0107 otuchy i sprawia\u0107, \u017ce nawet zwyczajne spotkania stawa\u0142y si\u0119 wyj\u0105tkowe.<br>Dzisiaj trudno pogodzi\u0107 si\u0119 z my\u015bl\u0105, \u017ce nie us\u0142yszymy ju\u017c Twojego g\u0142osu, nie zobaczymy serdecznego u\u015bmiechu i \u017cyczliwego spojrzenia. Tak bardzo b\u0119dzie nam brakowa\u0107 Twojej obecno\u015bci.<br>M\u00f3wi si\u0119, \u017ce cz\u0142owiek odchodzi naprawd\u0119 dopiero wtedy, gdy przestaje \u017cy\u0107 w pami\u0119ci innych. Ty pozostaniesz z nami. B\u0119dziesz obecna we wspomnieniach wsp\u00f3lnie sp\u0119dzonych chwil, w \u015bmiechu, kt\u00f3ry rozbrzmiewa\u0142 podczas naszych spotka\u0144, w sukcesach, kt\u00f3re wsp\u00f3\u0142tworzy\u0142a\u015b, i w przyja\u017aniach, kt\u00f3re umia\u0142a\u015b piel\u0119gnowa\u0107.<br>Dzi\u0119kujemy Ci za ka\u017cdy dzie\u0144, kt\u00f3ry nam podarowa\u0142a\u015b. Za dobro, kt\u00f3rym obdarza\u0142a\u015b innych. Za czas, serce i si\u0142y po\u015bwi\u0119cone naszej spo\u0142eczno\u015bci. Za to, \u017ce uczy\u0142a\u015b nas, i\u017c \u017cyczliwo\u015b\u0107 jest najpi\u0119kniejszym darem, jaki mo\u017cna ofiarowa\u0107 drugiemu cz\u0142owiekowi.<br>\u017begnamy Ci\u0119 ze smutkiem, ale r\u00f3wnie\u017c z ogromn\u0105 wdzi\u0119czno\u015bci\u0105. Wierzymy, \u017ce tam, gdzie teraz jeste\u015b, panuje spok\u00f3j, \u015bwiat\u0142o i dobro, kt\u00f3rym sama przez ca\u0142e \u017cycie tak hojnie si\u0119 dzieli\u0142a\u015b.<br>Nie m\u00f3wimy Ci \u201e\u017cegnaj\u201d. M\u00f3wimy: dzi\u0119kujemy.<br>Dzi\u0119kujemy za Twoj\u0105 przyja\u017a\u0144, za Twoje dobre serce, za wszystko, co pozostawi\u0142a\u015b w naszych sercach.<br>Spoczywaj w pokoju, Droga Tereso.<br><strong>Zarz\u0105d oraz s\u0142uchacze<br>Uniwersytetu Trzeciego Wieku<\/strong><\/p>\n\n\n\n<p><\/p>\n","protected":false},"excerpt":{"rendered":"<p>Droga Tereso, Nasza Przyjaci\u00f3\u0142ko.S\u0105 chwile, wobec kt\u00f3rych brakuje s\u0142\u00f3w. Chwile, gdy serce nie chce uwierzy\u0107, \u017ce kto\u015b, kto by\u0142 tak &hellip;<\/p>\n","protected":false},"author":3,"featured_media":0,"comment_status":"closed","ping_status":"closed","sticky":true,"template":"","format":"standard","meta":{"footnotes":""},"categories":[5],"tags":[],"_links":{"self":[{"href":"https:\/\/utwstarachowice.pl\/index.php?rest_route=\/wp\/v2\/posts\/6666"}],"collection":[{"href":"https:\/\/utwstarachowice.pl\/index.php?rest_route=\/wp\/v2\/posts"}],"about":[{"href":"https:\/\/utwstarachowice.pl\/index.php?rest_route=\/wp\/v2\/types\/post"}],"author":[{"embeddable":true,"href":"https:\/\/utwstarachowice.pl\/index.php?rest_route=\/wp\/v2\/users\/3"}],"replies":[{"embeddable":true,"href":"https:\/\/utwstarachowice.pl\/index.php?rest_route=%2Fwp%2Fv2%2Fcomments&post=6666"}],"version-history":[{"count":2,"href":"https:\/\/utwstarachowice.pl\/index.php?rest_route=\/wp\/v2\/posts\/6666\/revisions"}],"predecessor-version":[{"id":6673,"href":"https:\/\/utwstarachowice.pl\/index.php?rest_route=\/wp\/v2\/posts\/6666\/revisions\/6673"}],"wp:attachment":[{"href":"https:\/\/utwstarachowice.pl\/index.php?rest_route=%2Fwp%2Fv2%2Fmedia&parent=6666"}],"wp:term":[{"taxonomy":"category","embeddable":true,"href":"https:\/\/utwstarachowice.pl\/index.php?rest_route=%2Fwp%2Fv2%2Fcategories&post=6666"},{"taxonomy":"post_tag","embeddable":true,"href":"https:\/\/utwstarachowice.pl\/index.php?rest_route=%2Fwp%2Fv2%2Ftags&post=6666"}],"curies":[{"name":"wp","href":"https:\/\/api.w.org\/{rel}","templated":true}]}}