{"id":6648,"date":"2026-08-06T14:51:29","date_gmt":"2026-08-06T12:51:29","guid":{"rendered":"https:\/\/utwstarachowice.pl\/?p=6648"},"modified":"2026-08-06T16:39:22","modified_gmt":"2026-08-06T14:39:22","slug":"odeszla-od-nas-6-sierpnia-2026","status":"publish","type":"post","link":"https:\/\/utwstarachowice.pl\/?p=6648","title":{"rendered":"Odesz\u0142a od nas 6 sierpnia 2026"},"content":{"rendered":"\n<p class=\"has-medium-font-size\">Kochani, z g\u0142\u0119bokim \u017calem i smutkiem przyj\u0105\u0142em dzisiaj wiadomo\u015b\u0107 o odej\u015bciu naszej wspania\u0142ej kole\u017canki Teresy Prokop, cz\u0142onka zarz\u0105du naszego uniwersytetu. Stracili\u015bmy wspania\u0142\u0105 pe\u0142n\u0105 ciep\u0142a kole\u017cank\u0119. Jej zaanga\u017cowanie serce kt\u00f3re wk\u0142ada\u0142a w codzienn\u0105 prac\u0119 pozostanie dla nas wzorem.<br>Terenia by\u0142a wyj\u0105tkow\u0105 osob\u0105, kt\u00f3ra pozostawi\u0142a w naszych sercach ogromn\u0105 pustk\u0119. Zawsze u\u015bmiechni\u0119ta, \u017cyczliwa i aktywna w wielu uniwersyteckich dzia\u0142aniach.<br>Henrykowi, ca\u0142ej jego rodzinie oraz wszystkim kt\u00f3rych ta \u015bmier\u0107 dotkn\u0119\u0142a sk\u0142adam wyrazy wsp\u00f3\u0142czucia.<\/p>\n\n\n\n<p>Jerzy Krawczyk<\/p>\n\n\n\n<figure class=\"wp-block-gallery has-nested-images columns-default is-cropped wp-block-gallery-1 is-layout-flex wp-block-gallery-is-layout-flex\"><\/figure>\n","protected":false},"excerpt":{"rendered":"<p>Kochani, z g\u0142\u0119bokim \u017calem i smutkiem przyj\u0105\u0142em dzisiaj wiadomo\u015b\u0107 o odej\u015bciu naszej wspania\u0142ej kole\u017canki Teresy Prokop, cz\u0142onka zarz\u0105du naszego uniwersytetu. &hellip;<\/p>\n","protected":false},"author":4,"featured_media":6654,"comment_status":"closed","ping_status":"closed","sticky":true,"template":"","format":"standard","meta":{"footnotes":""},"categories":[40,37,2],"tags":[],"_links":{"self":[{"href":"https:\/\/utwstarachowice.pl\/index.php?rest_route=\/wp\/v2\/posts\/6648"}],"collection":[{"href":"https:\/\/utwstarachowice.pl\/index.php?rest_route=\/wp\/v2\/posts"}],"about":[{"href":"https:\/\/utwstarachowice.pl\/index.php?rest_route=\/wp\/v2\/types\/post"}],"author":[{"embeddable":true,"href":"https:\/\/utwstarachowice.pl\/index.php?rest_route=\/wp\/v2\/users\/4"}],"replies":[{"embeddable":true,"href":"https:\/\/utwstarachowice.pl\/index.php?rest_route=%2Fwp%2Fv2%2Fcomments&post=6648"}],"version-history":[{"count":4,"href":"https:\/\/utwstarachowice.pl\/index.php?rest_route=\/wp\/v2\/posts\/6648\/revisions"}],"predecessor-version":[{"id":6658,"href":"https:\/\/utwstarachowice.pl\/index.php?rest_route=\/wp\/v2\/posts\/6648\/revisions\/6658"}],"wp:featuredmedia":[{"embeddable":true,"href":"https:\/\/utwstarachowice.pl\/index.php?rest_route=\/wp\/v2\/media\/6654"}],"wp:attachment":[{"href":"https:\/\/utwstarachowice.pl\/index.php?rest_route=%2Fwp%2Fv2%2Fmedia&parent=6648"}],"wp:term":[{"taxonomy":"category","embeddable":true,"href":"https:\/\/utwstarachowice.pl\/index.php?rest_route=%2Fwp%2Fv2%2Fcategories&post=6648"},{"taxonomy":"post_tag","embeddable":true,"href":"https:\/\/utwstarachowice.pl\/index.php?rest_route=%2Fwp%2Fv2%2Ftags&post=6648"}],"curies":[{"name":"wp","href":"https:\/\/api.w.org\/{rel}","templated":true}]}}