{"id":654,"date":"2020-09-08T19:21:48","date_gmt":"2020-09-08T17:21:48","guid":{"rendered":"https:\/\/utwstarachowice.pl\/2020\/09\/08\/propozycja-statutu\/"},"modified":"2020-09-08T19:21:48","modified_gmt":"2020-09-08T17:21:48","slug":"propozycja-statutu","status":"publish","type":"post","link":"https:\/\/utwstarachowice.pl\/?p=654","title":{"rendered":"PROPOZYCJA STATUTU"},"content":{"rendered":"<p style=\"text-align: justify;\" align=\"center\"><span style=\"color: #993300; font-size: large;\"><strong>PONI\u017bEJ\u00a0 ZAMIESZCZAMY PROPOZYCJ\u0118\u00a0 STATUTU UNIWERSYTETU\u00a0 TRZECIEGO WIEKU w STARACHOWICACH.<\/strong><\/span><\/p>\n<p style=\"text-align: justify;\" align=\"center\"><span style=\"color: #993300; font-size: large;\"><strong>PROPOZYCJA\u00a0 STATUTU JEST OPRACOWANA PRZEZ PRAWNIK\u00d3W FEDERACJI UTW\u00a0 W NOWYM S\u0104CZU POD REDAKCJ\u0104 MECENASA WOJCIECHA NALEPY OBOWI\u0104ZUJ\u0104CA W UNIWERSYTETACH TRZECIEGO WIEKU DZIA\u0141AJ\u0104CYCH NA TERENIE POLSKI.<\/strong><\/span><\/p>\n<p style=\"text-align: justify;\" align=\"center\"><span style=\"color: #993300; font-size: large;\"><strong>PO ZAPOZNANIU SI\u0118 Z JEGO TRE\u015aCI\u0104 UWAGI PROSIMY ZG\u0141ASZA\u0106 NA PI\u015aMIE LUB OSOBI\u015aCIE DO BIURA UTW W CI\u0104GU SIEDMIU DNI OD UKAZANIA SI\u0118 NA STRONIE. STATUT W WERSJI PAPIEROWEJ JEST DO WGL\u0104DU W BIURZE UTW NA UL.GLINIANEJ 10A.<\/strong><\/span><\/p>\n<p align=\"center\">\u00a0<\/p>\n<p align=\"center\">\u00a0<\/p>\n<p align=\"center\"><span style=\"font-size: medium;\"><strong>STATUT<\/strong><\/span><\/p>\n<p align=\"center\"><span style=\"font-size: medium;\"><strong>Uniwersytetu Trzeciego Wieku w Starachowicach <\/strong><\/span><\/p>\n<p align=\"center\"><span style=\"font-size: medium;\">\u00a0<\/span><\/p>\n<h1><span style=\"font-size: medium;\">ROZDZIA\u0141 1<\/span><\/h1>\n<p><span style=\"font-size: medium;\"><strong>POSTANOWIENIA OG\u00d3LNE<\/strong><\/span><\/p>\n<p><span style=\"font-size: medium;\"><strong>\u00a0<\/strong><\/span><\/p>\n<p align=\"center\"><span style=\"font-size: medium;\"><strong>\u00a7 1<\/strong><\/span><\/p>\n<ol>\n<li><span style=\"font-size: medium;\"><em>Uniwersytet Trzeciego Wieku w Starachowicach <\/em>zwany w dalszej cz\u0119\u015bci statutu <em>Stowarzyszeniem<\/em>, dzia\u0142a w szczeg\u00f3lno\u015bci na podstawie ustawy &#8211; Prawo o stowarzyszeniach, ustawy o dzia\u0142alno\u015bci po\u017cytku publicznego i o wolontariacie oraz na podstawie niniejszego statutu.<\/span><\/li>\n<li><span style=\"font-size: medium;\">Nazwa Stowarzyszenia jest prawnie zastrze\u017cona.<\/span><\/li>\n<\/ol>\n<p align=\"center\"><span style=\"font-size: medium;\"><strong>\u00a0<\/strong><\/span><\/p>\n<p align=\"center\"><span style=\"font-size: medium;\"><strong>\u00a7 2<\/strong><\/span><\/p>\n<ol>\n<li><span style=\"font-size: medium;\">Stowarzyszenie jest stowarzyszeniem zarejestrowanym, posiadaj\u0105cym osobowo\u015b\u0107 prawn\u0105.<\/span><\/li>\n<li><span style=\"font-size: medium;\">Stowarzyszenie zostaje powo\u0142ane na czas nieokre\u015blony.<\/span><\/li>\n<\/ol>\n<p align=\"center\"><span style=\"font-size: medium;\"><strong>\u00a0<\/strong><\/span><\/p>\n<p align=\"center\"><span style=\"font-size: medium;\"><strong>\u00a7 3<\/strong><\/span><\/p>\n<ol>\n<li><span style=\"font-size: medium;\">Siedzib\u0105 stowarzyszenia jest miasto Starachowice. \u00a0<\/span><\/li>\n<li><span style=\"font-size: medium;\">Terenem dzia\u0142ania Stowarzyszenia jest obszar Rzeczypospolitej Polskiej. Dla w\u0142a\u015bciwego realizowania swoich cel\u00f3w Stowarzyszenie mo\u017ce prowadzi\u0107 dzia\u0142alno\u015b\u0107 r\u00f3wnie\u017c poza granicami kraju.<\/span><\/li>\n<li><span style=\"font-size: medium;\">Stowarzyszenie mo\u017ce wsp\u00f3\u0142pracowa\u0107 z krajowymi, zagranicznymi i mi\u0119dzynarodowymi organizacjami i instytucjami, o tym samym lub podobnym profilu dzia\u0142ania.<\/span><\/li>\n<li><span style=\"font-size: medium;\">Stowarzyszenie mo\u017ce pozostawa\u0107 cz\u0142onkiem innych organizacji &#8211; krajowych <\/span><br \/><span style=\"font-size: medium;\"> i mi\u0119dzynarodowych &#8211; na zasadach pe\u0142nej autonomii.<\/span><\/li>\n<li><span style=\"font-size: medium;\">O przyst\u0105pieniu lub wyst\u0105pieniu z organizacji, o kt\u00f3rej mowa w ust. 4, decyduje Zarz\u0105d zwyk\u0142\u0105 wi\u0119kszo\u015bci\u0105 g\u0142os\u00f3w.<\/span><\/li>\n<\/ol>\n<p><span style=\"font-size: medium;\">\u00a0<\/span><\/p>\n<p align=\"center\"><span style=\"font-size: medium;\"><strong>\u00a7 4<\/strong><\/span><\/p>\n<ol>\n<li><span style=\"font-size: medium;\">Stowarzyszenie mo\u017ce powo\u0142ywa\u0107 do realizacji okre\u015blonych zada\u0144 statutowych jednostki organizacyjne, dzia\u0142aj\u0105ce na podstawie niniejszego statutu oraz w\u0142asnych regulamin\u00f3w.<\/span><\/li>\n<li><span style=\"font-size: medium;\">O utworzeniu i likwidacji jednostki organizacyjnej Stowarzyszenia decyduje Zarz\u0105d Stowarzyszenia. Zarz\u0105d Stowarzyszenia uchwala i zmienia regulaminy ww. jednostek organizacyjnych.\u00a0\u00a0\u00a0<\/span><\/li>\n<\/ol>\n<p align=\"center\"><span style=\"font-size: medium;\">\u00a0<\/span><\/p>\n<p align=\"center\"><span style=\"font-size: medium;\"><strong>\u00a7 5<\/strong><\/span><\/p>\n<ol>\n<li><span style=\"font-size: medium;\">Dzia\u0142alno\u015b\u0107 Stowarzyszenia opiera si\u0119 na pracy spo\u0142ecznej og\u00f3\u0142u jego cz\u0142onk\u00f3w.<\/span><\/li>\n<li><span style=\"font-size: medium;\">Do prowadzenia swych spraw Stowarzyszenie mo\u017ce zatrudnia\u0107 pracownik\u00f3w. Cz\u0142onkowie Stowarzyszenia, w tym cz\u0142onkowie w\u0142adz Stowarzyszenia, mog\u0105 by\u0107 zatrudniani na podstawie stosunku pracy lub stosunk\u00f3w cywilnoprawnych.<\/span><\/li>\n<\/ol>\n<p align=\"center\"><span style=\"font-size: medium;\"><strong>\u00a7 6<\/strong><\/span><\/p>\n<ol>\n<li><span style=\"font-size: medium;\">Stowarzyszenie mo\u017ce u\u017cywa\u0107 odpowiednik\u00f3w swojej nazwy w j\u0119zykach obcych.<\/span><\/li>\n<li><span style=\"font-size: medium;\">Stowarzyszenie mo\u017ce u\u017cywa\u0107 wyr\u00f3\u017cniaj\u0105cych je znak\u00f3w graficznych i innych symboli. \u00a0<\/span><\/li>\n<li><span style=\"font-size: medium;\">Stowarzyszenie mo\u017ce u\u017cywa\u0107 piecz\u0119ci, odznak i znak\u00f3w organizacyjnych.<\/span><\/li>\n<li><span style=\"font-size: medium;\">Stowarzyszenie ma prawo wydawania za\u015bwiadcze\u0144 i legitymacji cz\u0142onkowskich wed\u0142ug wzoru okre\u015blonego przez Zarz\u0105d Stowarzyszenia.<\/span><\/li>\n<\/ol>\n<p><span style=\"font-size: medium;\"><strong>\u00a0<\/strong><\/span><\/p>\n<p><span style=\"font-size: medium;\"><strong>ROZDZIA\u0141 2<\/strong><\/span><\/p>\n<p><span style=\"font-size: medium;\"><strong>CELE I \u015aRODKI DZIA\u0141ANIA<\/strong><\/span><\/p>\n<p><span style=\"font-size: medium;\">\u00a0<\/span><\/p>\n<p align=\"center\"><span style=\"font-size: medium;\"><strong>\u00a7 7 <\/strong><\/span><\/p>\n<ol>\n<li><span style=\"font-size: medium;\">Celem Stowarzyszenia jest:<\/span><\/li>\n<\/ol>\n<p><span style=\"font-size: medium;\">1)\u00a0\u00a0\u00a0\u00a0\u00a0 Dzia\u0142alno\u015b\u0107 edukacyjna, o\u015bwiatowa i szkoleniowa w szczeg\u00f3lno\u015bci w zakresie medycyny i profilaktyki zdrowia, nauk humanistycznych, kultury i sztuki, nauk spo\u0142ecznych, nauk ekonomicznych i prawnych, nauk technicznych, problematyki szeroko poj\u0119tego bezpiecze\u0144stwa senior\u00f3w a tak\u017ce nauk o ziemi i wszech\u015bwiecie oraz nauki j\u0119zyk\u00f3w obcych.<\/span><\/p>\n<p><span style=\"font-size: medium;\">2)\u00a0\u00a0\u00a0\u00a0\u00a0 Inspirowanie i podejmowanie dzia\u0142a\u0144 na rzecz \u015brodowiska ludzi starszych, w tym os\u00f3b niepe\u0142nosprawnych, bezrobotnych i chorych oraz zapobieganie wykluczeniu spo\u0142ecznemu i przeciwdzia\u0142anie patologiom spo\u0142ecznym.<\/span><\/p>\n<p><span style=\"font-size: medium;\">3)\u00a0\u00a0\u00a0\u00a0\u00a0 Stymulowanie rozwoju osobowego oraz intelektualnej, psychicznej i fizycznej sprawno\u015bci os\u00f3b starszych.<\/span><\/p>\n<p><span style=\"font-size: medium;\">4)\u00a0\u00a0\u00a0\u00a0\u00a0 Propagowanie i popieranie r\u00f3\u017cnorodnych form aktywno\u015bci intelektualnej, psychicznej i fizycznej adekwatnie do wieku, stopnia sprawno\u015bci i zainteresowa\u0144 os\u00f3b starszych.<\/span><\/p>\n<p><span style=\"font-size: medium;\">5)\u00a0\u00a0\u00a0\u00a0\u00a0 Wspieranie rozwoju edukacji i kultury, ochrona d\u00f3br kultury i tradycji.<\/span><\/p>\n<p><span style=\"font-size: medium;\">6)\u00a0\u00a0\u00a0\u00a0\u00a0 Aktywizacja spo\u0142eczna os\u00f3b starszych.<\/span><\/p>\n<p><span style=\"font-size: medium;\">7)\u00a0\u00a0\u00a0\u00a0\u00a0 Upowszechnianie praw senior\u00f3w oraz uwra\u017cliwianie ich na r\u00f3\u017cnego rodzaju zagro\u017cenia w szczeg\u00f3lno\u015bci ekonomiczne i informatyczne.\u00a0<\/span><\/p>\n<p><span style=\"font-size: medium;\">8)\u00a0\u00a0\u00a0\u00a0\u00a0 Organizowanie dzia\u0142a\u0144 na rzecz os\u00f3b niepe\u0142nosprawnych, chorych i bezrobotnych.<\/span><\/p>\n<p><span style=\"font-size: medium;\">9)\u00a0\u00a0\u00a0\u00a0\u00a0 Ochrona i promocja zdrowia, w tym propagowanie aktywnego wypoczynku, zdrowego stylu \u017cycia oraz wiedzy o zdrowiu.<\/span><\/p>\n<p><span style=\"font-size: medium;\">10)\u00a0 Wspieranie i upowszechnianie kultury fizycznej i sportu.<\/span><\/p>\n<p><span style=\"font-size: medium;\">11)\u00a0 Profilaktyka chor\u00f3b w tym chor\u00f3b cywilizacyjnych.<\/span><\/p>\n<p><span style=\"font-size: medium;\">12)\u00a0 Promowanie aktywnego sp\u0119dzania wolnego czasu.<\/span><\/p>\n<p><span style=\"font-size: medium;\">13)\u00a0 Profilaktyka uzale\u017cnie\u0144 i patologii spo\u0142ecznych.<\/span><\/p>\n<p><span style=\"font-size: medium;\">14)\u00a0 Propagowanie, kultywowanie, upowszechnianie i organizowanie turystyki <\/span><br \/><span style=\"font-size: medium;\"> i krajoznawstwa,<\/span><\/p>\n<p><span style=\"font-size: medium;\">15)\u00a0 Organizowanie wypoczynku os\u00f3b starszych.<\/span><\/p>\n<p><span style=\"font-size: medium;\">16)\u00a0 Dzia\u0142alno\u015b\u0107 na rzecz os\u00f3b niepe\u0142nosprawnych.<\/span><\/p>\n<p><span style=\"font-size: medium;\">17)\u00a0 Upowszechnianie i ochrona wolno\u015bci i praw cz\u0142owieka oraz swob\u00f3d obywatelskich.<\/span><\/p>\n<p><span style=\"font-size: medium;\">18)\u00a0 Dzia\u0142alno\u015b\u0107 na rzecz rozwoju spo\u0142ecze\u0144stwa obywatelskiego.<\/span><\/p>\n<p><span style=\"font-size: medium;\">19)\u00a0 Dzia\u0142alno\u015b\u0107 na rzecz wzmacniania aktywno\u015bci i \u015bwiadomo\u015bci obywatelskiej na poziomie lokalnym, regionalnym, krajowym i europejskim.<\/span><\/p>\n<p><span style=\"font-size: medium;\">20)\u00a0 Dzia\u0142alno\u015b\u0107 wspomagaj\u0105ca rozw\u00f3j wsp\u00f3lnot i spo\u0142eczno\u015bci lokalnych.<\/span><\/p>\n<p><span style=\"font-size: medium;\">21)\u00a0 Dzia\u0142alno\u015b\u0107 na rzecz upowszechniania i organizowania, utrzymania, nawi\u0105zania <\/span><br \/><span style=\"font-size: medium;\"> i zacie\u015bniania wsp\u00f3\u0142pracy mi\u0119dzypokoleniowej.<\/span><\/p>\n<p><span style=\"font-size: medium;\">22)\u00a0 Podejmowanie dzia\u0142a\u0144 zmierzaj\u0105cych do utrzymania, nawi\u0105zania i zacie\u015bniania wi\u0119zi <\/span><br \/><span style=\"font-size: medium;\"> i kontakt\u00f3w osobistych mi\u0119dzy mieszka\u0144cami regionu &#8211; szerzenie przyja\u017ani <\/span><br \/><span style=\"font-size: medium;\"> i wsp\u00f3\u0142pracy pomi\u0119dzy miastami, regionami, pa\u0144stwami i narodami.<\/span><\/p>\n<p><span style=\"font-size: medium;\">23)\u00a0 Promocja i organizacja wolontariatu.<\/span><\/p>\n<p><span style=\"font-size: medium;\">24)\u00a0 Dzia\u0142alno\u015b\u0107 na rzecz ekologii i ochrony \u015brodowiska naturalnego.<\/span><\/p>\n<p><span style=\"font-size: medium;\">25)\u00a0 Dzia\u0142alno\u015b\u0107 charytatywna<\/span><\/p>\n<p><span style=\"font-size: medium;\">26)\u00a0 Upowszechnianie ekonomii spo\u0142ecznej.<\/span><\/p>\n<p><span style=\"font-size: medium;\">27)\u00a0 Upowszechnianie \u201esrebrnej gospodarki\u201d.<\/span><\/p>\n<p><span style=\"font-size: medium;\">28)\u00a0 Wspieranie wszechstronnego i zr\u00f3wnowa\u017conego rozwoju spo\u0142ecznego, o\u015bwiatowego, kulturalnego i gospodarczego obszar\u00f3w wiejskich i miejsko &#8211; wiejskich <\/span><br \/><span style=\"font-size: medium;\"> a w szczeg\u00f3lno\u015bci powiatu starachowickiego.<\/span><\/p>\n<p><span style=\"font-size: medium;\">2. UTW prowadzi dzia\u0142alno\u015b\u0107 statutow\u0105 na rzecz swoich cz\u0142onk\u00f3w oraz dzia\u0142alno\u015b\u0107 publiczn\u0105 na rzecz og\u00f3\u0142u os\u00f3b starszych.<\/span><\/p>\n<p><span style=\"font-size: medium;\"><strong>\u00a0<\/strong><\/span><\/p>\n<p align=\"center\"><span style=\"font-size: medium;\"><strong>\u00a7 8<\/strong><\/span><\/p>\n<ol>\n<li><span style=\"font-size: medium;\">Stowarzyszenie realizuje swoje cele poprzez:<\/span><\/li>\n<\/ol>\n<p><span style=\"font-size: medium;\">1)\u00a0\u00a0\u00a0\u00a0\u00a0 Prowadzenie dzia\u0142alno\u015bci edukacyjno \u2013 informacyjnej.<\/span><\/p>\n<p><span style=\"font-size: medium;\">2)\u00a0\u00a0\u00a0\u00a0\u00a0 Prowadzenie dzia\u0142alno\u015bci szkoleniowej.<\/span><\/p>\n<p><span style=\"font-size: medium;\">3)\u00a0\u00a0\u00a0\u00a0\u00a0 Organizacj\u0119 seminari\u00f3w, szkole\u0144, warsztat\u00f3w i kurs\u00f3w.<\/span><\/p>\n<p><span style=\"font-size: medium;\">4)\u00a0\u00a0\u00a0\u00a0\u00a0 Organizacj\u0119 wyk\u0142ad\u00f3w, odczyt\u00f3w, debat, konferencji, spotka\u0144 i prelekcji.<\/span><\/p>\n<p><span style=\"font-size: medium;\">5)\u00a0\u00a0\u00a0\u00a0\u00a0 Organizacj\u0119 wystaw, koncert\u00f3w, festiwali, festyn\u00f3w, wyst\u0119p\u00f3w i konkurs\u00f3w.<\/span><\/p>\n<p><span style=\"font-size: medium;\">6)\u00a0\u00a0\u00a0\u00a0\u00a0 Organizacj\u0119 imprez i zaj\u0119\u0107\u00a0 rekreacyjno-sportowych.<\/span><\/p>\n<p><span style=\"font-size: medium;\">7)\u00a0\u00a0\u00a0\u00a0\u00a0 Organizowanie krajowych i zagranicznych wyjazd\u00f3w edukacyjnych, turystycznych <\/span><br \/><span style=\"font-size: medium;\"> i krajoznawczych.<\/span><\/p>\n<p><span style=\"font-size: medium;\">8)\u00a0\u00a0\u00a0\u00a0\u00a0 Organizowanie oboz\u00f3w rekreacyjnych, sportowych, turystycznych i rehabilitacyjnych.<\/span><\/p>\n<p><span style=\"font-size: medium;\">9)\u00a0\u00a0\u00a0\u00a0\u00a0 Prowadzenie dzia\u0142alno\u015bci wydawniczej (wydawanie broszur, folder\u00f3w, biuletyn\u00f3w, ulotek, ksi\u0105\u017cek itp.).<\/span><\/p>\n<p><span style=\"font-size: medium;\">10)\u00a0 Prowadzenie dzia\u0142alno\u015bci doradczej.<\/span><\/p>\n<p><span style=\"font-size: medium;\">11)\u00a0 Prowadzenie dzia\u0142alno\u015bci stypendialnej.<\/span><\/p>\n<p><span style=\"font-size: medium;\">12)\u00a0 Organizacj\u0119 zbi\u00f3rek publicznych i imprez charytatywnych oraz pozyskiwanie \u015brodk\u00f3w pieni\u0119\u017cnych z dotacji, subwencji, sk\u0142adek cz\u0142onkowskich, os\u00f3b fizycznych i innych \u017ar\u00f3de\u0142.<\/span><\/p>\n<p><span style=\"font-size: medium;\">13)\u00a0 Wspieranie finansowe i materialne os\u00f3b b\u0119d\u0105cych w potrzebie.<\/span><\/p>\n<p><span style=\"font-size: medium;\">14)\u00a0 Wyst\u0119powanie z wnioskami i opiniami do w\u0142a\u015bciwych w\u0142adz, urz\u0119d\u00f3w, instytucji, organizacji i fundacji w sprawach zgodnych z celami statutowymi.<\/span><\/p>\n<p><span style=\"font-size: medium;\">15)\u00a0 Wsp\u00f3\u0142prac\u0119 z instytucjami pa\u0144stwowymi i samorz\u0105dowymi, sektorem prywatnym <\/span><br \/><span style=\"font-size: medium;\"> i organizacjami pozarz\u0105dowymi.<\/span><\/p>\n<p><span style=\"font-size: medium;\">2.Wymienione w ust. 1. rodzaje dzia\u0142alno\u015bci realizowane b\u0119d\u0105 przez Stowarzyszenie w ramach\u00a0<\/span><span style=\"font-size: medium;\">\u00a0prowadzonej przez ni\u0105 nieodp\u0142atnej dzia\u0142alno\u015bci statutowej, z zastrze\u017ceniem ust. 3.<\/span><span style=\"font-size: medium;\">Stowarzyszenie mo\u017ce prowadzi\u0107 odp\u0142atn\u0105 dzia\u0142alno\u015b\u0107 statutow\u0105.<\/span><\/p>\n<p><span style=\"font-size: medium;\">4.Odp\u0142atn\u0105 dzia\u0142alno\u015b\u0107 statutow\u0105 Stowarzyszenie mo\u017ce prowadzi\u0107 w zakresie okre\u015blonym w ust. 1 pkt 1-10.\u00a0<\/span><span style=\"font-size: medium;\">\u00a0<\/span><\/p>\n<p><span style=\"font-size: medium;\">5.Decyzj\u0119 w zakresie prowadzenia danej dzia\u0142alno\u015bci w formie odp\u0142atnej b\u0105d\u017a nieodp\u0142atnej podejmuje Zarz\u0105d.<\/span><\/p>\n<p><span style=\"font-size: medium;\">6.Prowadzona przez Stowarzyszenie odp\u0142atna dzia\u0142alno\u015b\u0107 statutowa podlega wyodr\u0119bnieniu w spos\u00f3b zapewniaj\u0105cy nale\u017cyt\u0105 identyfikacj\u0119 pod wzgl\u0119dem organizacyjnym i rachunkowym zgodnie z w\u0142a\u015bciwymi przepisami o rachunkowo\u015bci.<\/span><\/p>\n<p><span style=\"font-size: medium;\"><strong>\u00a0<\/strong><\/span><\/p>\n<p><span style=\"font-size: medium;\"><strong>ROZDZIA\u0141 3<\/strong><\/span><\/p>\n<p><span style=\"font-size: medium;\"><strong>CZ\u0141ONKOWIE \u2013 PRAWA I OBOWI\u0104ZKI<\/strong><\/span><\/p>\n<p align=\"center\"><span style=\"font-size: medium;\"><strong><em>\u00a0<\/em><\/strong><\/span><\/p>\n<p align=\"center\"><span style=\"font-size: medium;\"><strong>\u00a7 9<\/strong><\/span><\/p>\n<ol>\n<li><span style=\"font-size: medium;\">Cz\u0142onkami Stowarzyszenia mog\u0105 by\u0107 osoby fizyczne i osoby prawne \u2013 krajowe <\/span><br \/><span style=\"font-size: medium;\"> i zagraniczne, jednak\u017ce osoba prawna mo\u017ce by\u0107 jedynie cz\u0142onkiem wspieraj\u0105cym Stowarzyszenie.<\/span><\/li>\n<li><span style=\"font-size: medium;\">Osoba prawna dzia\u0142a w Stowarzyszeniu przez swojego przedstawiciela.<\/span><\/li>\n<\/ol>\n<p><span style=\"font-size: medium;\">\u00a0<\/span><\/p>\n<p align=\"center\"><span style=\"font-size: medium;\"><strong>\u00a7 10<\/strong><\/span><\/p>\n<p><span style=\"font-size: medium;\">Cz\u0142onkowie Stowarzyszenia dziel\u0105 si\u0119 na:<\/span><\/p>\n<p><span style=\"font-size: medium;\">1) \u00a0zwyczajnych <\/span><br \/><span style=\"font-size: medium;\"> 2) \u00a0wspieraj\u0105cych <\/span><br \/><span style=\"font-size: medium;\"> 3) \u00a0honorowych<\/span><\/p>\n<p align=\"center\"><span style=\"font-size: medium;\"><strong>\u00a7 11<\/strong><\/span><\/p>\n<ol>\n<li><span style=\"font-size: medium;\">Cz\u0142onkiem zwyczajnym mo\u017ce by\u0107 osoba posiadaj\u0105ca pe\u0142n\u0105 zdolno\u015b\u0107 do czynno\u015bci prawnych, niepozbawiona praw publicznych, pragn\u0105ca urzeczywistnia\u0107 cele Stowarzyszenia z uko\u0144czonym co najmniej wykszta\u0142ceniem \u015brednim b\u0119d\u0105ca w wieku emerytalnym \u2013 55+.<\/span><\/li>\n<li><span style=\"font-size: medium;\">Cudzoziemiec, niezale\u017cnie od miejsca zamieszkania mo\u017ce by\u0107 cz\u0142onkiem Stowarzyszenia na zasadach og\u00f3lnych.<\/span><\/li>\n<li><span style=\"font-size: medium;\">Przyj\u0119cia nowych cz\u0142onk\u00f3w dokonuje Zarz\u0105d uchwa\u0142\u0105 podj\u0119t\u0105 w ci\u0105gu dw\u00f3ch tygodni od daty z\u0142o\u017cenia deklaracji cz\u0142onkostwa. W razie odmowy przyj\u0119cia w poczet cz\u0142onk\u00f3w, zainteresowany ma prawo w terminie jednego miesi\u0105ca od daty jej dor\u0119czenia z\u0142o\u017cy\u0107 na r\u0119ce Zarz\u0105du odwo\u0142anie do Walnego Zebrania. Walne Zebranie rozpatruje odwo\u0142anie <\/span><br \/><span style=\"font-size: medium;\"> w czasie najbli\u017cszych obrad. Stanowisko Walnego Zebrania jest ostateczne.<\/span><\/li>\n<li><span style=\"font-size: medium;\">Maksymalna ilo\u015b\u0107 cz\u0142onk\u00f3w zwyczajnych uzale\u017cniona jest od mo\u017cliwo\u015bci organizacyjnych i lokalowych Stowarzyszenia.<\/span><\/li>\n<\/ol>\n<p align=\"center\"><span style=\"font-size: medium;\">\u00a0<\/span><\/p>\n<p align=\"center\"><span style=\"font-size: medium;\"><strong>\u00a7 12<\/strong><\/span><\/p>\n<p><span style=\"font-size: medium;\">Cz\u0142onkowie zwyczajni maj\u0105 prawo:<\/span><\/p>\n<p><span style=\"font-size: medium;\">1)\u00a0\u00a0\u00a0\u00a0\u00a0 uczestniczy\u0107 w Walnych Zebraniach z biernym i czynnym prawem wyborczym,<\/span><\/p>\n<p><span style=\"font-size: medium;\">2)\u00a0\u00a0\u00a0\u00a0\u00a0 zg\u0142asza\u0107 wnioski do w\u0142adz Stowarzyszenia, a tak\u017ce ocenia\u0107 ich dzia\u0142alno\u015b\u0107,<\/span><\/p>\n<p><span style=\"font-size: medium;\">3)\u00a0\u00a0\u00a0\u00a0\u00a0 zg\u0142asza\u0107 projekty uchwa\u0142,<\/span><\/p>\n<p><span style=\"font-size: medium;\">4)\u00a0\u00a0\u00a0\u00a0\u00a0 uzyskiwa\u0107 informacje od w\u0142adz Stowarzyszenia w sprawach dotycz\u0105cych ich dzia\u0142alno\u015bci,<\/span><\/p>\n<p><span style=\"font-size: medium;\">5)\u00a0\u00a0\u00a0\u00a0\u00a0 odwo\u0142ywa\u0107 si\u0119 od uchwa\u0142 w\u0142adz Stowarzyszenia w sprawach cz\u0142onkowskich,<\/span><\/p>\n<p><span style=\"font-size: medium;\">6)\u00a0\u00a0\u00a0\u00a0\u00a0 bra\u0107 udzia\u0142 w przedsi\u0119wzi\u0119ciach podejmowanych przez Stowarzyszenie na zasadach ustalanych przez Zarz\u0105d,<\/span><\/p>\n<p><span style=\"font-size: medium;\">7)\u00a0\u00a0\u00a0\u00a0\u00a0 korzysta\u0107 z dorobku i wszelkich form dzia\u0142alno\u015bci Stowarzyszenia.<\/span><\/p>\n<p align=\"center\"><span style=\"font-size: medium;\"><strong>\u00a0<\/strong><\/span><\/p>\n<p align=\"center\"><span style=\"font-size: medium;\"><strong>\u00a7 13<\/strong><\/span><\/p>\n<p><span style=\"font-size: medium;\">Do obowi\u0105zk\u00f3w cz\u0142onk\u00f3w zwyczajnych nale\u017c\u0105:<\/span><\/p>\n<p><span style=\"font-size: medium;\">1)\u00a0\u00a0\u00a0 aktywne uczestniczenie w dzia\u0142alno\u015bci Stowarzyszenia,<\/span><\/p>\n<p><span style=\"font-size: medium;\">2)\u00a0\u00a0\u00a0\u00a0\u00a0 przestrzeganie postanowie\u0144 statutu, regulamin\u00f3w oraz uchwa\u0142 w\u0142adz Stowarzyszenia,<\/span><\/p>\n<p><span style=\"font-size: medium;\">3)\u00a0\u00a0\u00a0 troska o rozw\u00f3j Stowarzyszenia i dzia\u0142anie na jego rzecz,<\/span><\/p>\n<p><span style=\"font-size: medium;\">4)\u00a0\u00a0\u00a0\u00a0\u00a0 uczestniczenie w Walnych Zebraniach oraz posiedzeniach innych organ\u00f3w oraz cia\u0142 opiniodawczo-doradczych je\u015bli dana osoba jest jego cz\u0142onkiem,<\/span><\/p>\n<p><span style=\"font-size: medium;\">5)\u00a0\u00a0\u00a0 regularne op\u0142acanie sk\u0142adek cz\u0142onkowskich,<\/span><\/p>\n<p><span style=\"font-size: medium;\">6)\u00a0\u00a0\u00a0 sk\u0142adki cz\u0142onkowskie winny by\u0107 wp\u0142acane do ko\u0144ca pa\u017adziernika w ka\u017cdym roku akademickim, w uzasadnionych przypadkach sk\u0142adki mog\u0105 by\u0107 wp\u0142acone w dw\u00f3ch ratach, pierwsza do ko\u0144ca pa\u017adziernika a druga do ko\u0144ca stycznia,<\/span><\/p>\n<p><span style=\"font-size: medium;\">7)\u00a0\u00a0\u00a0 dbanie o mienie i dobre imi\u0119 Stowarzyszenia,<\/span><\/p>\n<p><span style=\"font-size: medium;\">8)\u00a0\u00a0\u00a0 przestrzegania zasad kulturalnego wsp\u00f3\u0142\u017cycia w spo\u0142eczno\u015bci uniwersyteckiej oraz wzajemnej \u017cyczliwo\u015bci i pomocy kole\u017ce\u0144skiej.<\/span><\/p>\n<p><span style=\"font-size: medium;\">\u00a0<\/span><\/p>\n<p align=\"center\"><span style=\"font-size: medium;\"><strong>\u00a7 14<\/strong><\/span><\/p>\n<ol>\n<li><span style=\"font-size: medium;\">Cz\u0142onkiem wspieraj\u0105cym Stowarzyszenia mo\u017ce zosta\u0107 osoba fizyczna i osoba prawna deklaruj\u0105ca pomoc finansow\u0105, rzeczow\u0105 lub merytoryczn\u0105 w realizacji cel\u00f3w Stowarzyszenia.<\/span><\/li>\n<li><span style=\"font-size: medium;\">Cz\u0142onkiem wspieraj\u0105cym staje si\u0119 po z\u0142o\u017ceniu pisemnej deklaracji na podstawie uchwa\u0142y Zarz\u0105du podj\u0119tej nie p\u00f3\u017aniej ni\u017c w ci\u0105gu dw\u00f3ch tygodni od daty z\u0142o\u017cenia deklaracji.<\/span><\/li>\n<li><span style=\"font-size: medium;\">Cz\u0142onkowie wspieraj\u0105cy maj\u0105 prawo osobi\u015bcie lub przez przedstawiciela uczestniczy\u0107 w\u00a0dzia\u0142alno\u015bci Stowarzyszenia z g\u0142osem doradczym oraz zg\u0142asza\u0107 w\u0142adzom Stowarzyszenia wnioski i postulaty dotycz\u0105ce podejmowanych przez Stowarzyszenie dzia\u0142a\u0144. Cz\u0142onkowie wspieraj\u0105cy nie posiadaj\u0105 czynnego i biernego prawa wyborczego. Cz\u0142onkowie wspieraj\u0105cy mog\u0105 uczestniczy\u0107 w obradach Walnego Zebrania z g\u0142osem doradczym.<\/span><\/li>\n<li><span style=\"font-size: medium;\">Cz\u0142onek wspieraj\u0105cy jest zobowi\u0105zany do regularnego wywi\u0105zywania si\u0119 z zadeklarowanych<\/span><br \/><span style=\"font-size: medium;\">\u00a0\u015bwiadcze\u0144 oraz przestrzegania statutu i uchwa\u0142 w\u0142adz Stowarzyszenia.<\/span><\/li>\n<\/ol>\n<p align=\"center\"><span style=\"font-size: medium;\"><strong>\u00a0<\/strong><\/span><\/p>\n<p align=\"center\"><span style=\"font-size: medium;\"><strong>\u00a7 15<\/strong><\/span><\/p>\n<ol>\n<li><span style=\"font-size: medium;\">Cz\u0142onkiem honorowym mo\u017ce by\u0107 osoba fizyczna niezale\u017cnie od obywatelstwa, kt\u00f3ra wnios\u0142a wybitny wk\u0142ad w dzia\u0142alno\u015b\u0107 i rozw\u00f3j\u00a0 Stowarzyszenia lub szczeg\u00f3lnie zas\u0142u\u017cona w realizacji cel\u00f3w, dla kt\u00f3rych zosta\u0142o powo\u0142ane Stowarzyszenie.<\/span><\/li>\n<li><span style=\"font-size: medium;\">Godno\u015b\u0107 cz\u0142onka honorowego nadaje Walne Zebranie na wniosek Zarz\u0105du. Cz\u0142onkowie honorowi maj\u0105 wszelkie prawa cz\u0142onk\u00f3w zwyczajnych z wyj\u0105tkiem czynnego i biernego prawa wyborczego.<\/span><\/li>\n<li><span style=\"font-size: medium;\">Cz\u0142onkowie honorowi mog\u0105 uczestniczy\u0107 w obradach Walnego Zebrania z g\u0142osem doradczym.<\/span><\/li>\n<li><span style=\"font-size: medium;\">Cz\u0142onkowie honorowi zwolnieni s\u0105 z op\u0142acania sk\u0142adek cz\u0142onkowskich.<\/span><\/li>\n<\/ol>\n<p align=\"center\"><span style=\"font-size: medium;\"><strong>\u00a0<\/strong><\/span><\/p>\n<p align=\"center\"><span style=\"font-size: medium;\"><strong>\u00a7 16<\/strong><\/span><\/p>\n<ol>\n<li><span style=\"font-size: medium;\">Cz\u0142onkostwo w Stowarzyszeniu ustaje na skutek: \u00a0<\/span><\/li>\n<\/ol>\n<p><span style=\"font-size: medium;\">1)\u00a0\u00a0\u00a0\u00a0\u00a0 dobrowolnej rezygnacji z przynale\u017cno\u015bci do Stowarzyszenia, zg\u0142oszonej na pi\u015bmie Zarz\u0105dowi,<\/span><\/p>\n<p><span style=\"font-size: medium;\">2)\u00a0\u00a0\u00a0\u00a0\u00a0 \u015bmierci cz\u0142onka, utraty zdolno\u015bci do czynno\u015bci prawnych lub utraty osobowo\u015bci prawnej (<em>w przypadku os\u00f3b prawnych<\/em>),<\/span><\/p>\n<p><span style=\"font-size: medium;\">3)\u00a0\u00a0\u00a0\u00a0\u00a0 wykluczenia przez Zarz\u0105d w przypadku:<\/span><\/p>\n<p><span style=\"font-size: medium;\">a)\u00a0\u00a0\u00a0\u00a0\u00a0 dzia\u0142ania na szkod\u0119 Stowarzyszenia,<\/span><\/p>\n<p><span style=\"font-size: medium;\">b)\u00a0\u00a0\u00a0\u00a0\u00a0 ra\u017c\u0105cego naruszenia postanowie\u0144 statutu, uchwa\u0142 w\u0142adz i\/lub regulamin\u00f3w wewn\u0119trznych obowi\u0105zuj\u0105cych w Stowarzyszeniu,<\/span><\/p>\n<p><span style=\"font-size: medium;\">c)\u00a0\u00a0\u00a0\u00a0\u00a0 nieanga\u017cowania si\u0119 w bie\u017c\u0105c\u0105 dzia\u0142alno\u015b\u0107 Stowarzyszenia w tym <\/span><br \/><span style=\"font-size: medium;\"> w szczeg\u00f3lno\u015bci nieusprawiedliwione nieuczestniczenie w posiedzeniach w\u0142adz Stowarzyszenia,<\/span><\/p>\n<p><span style=\"font-size: medium;\">d)\u00a0\u00a0\u00a0\u00a0\u00a0 nieusprawiedliwionego zalegania z op\u0142at\u0105 sk\u0142adek cz\u0142onkowskich przez okres co najmniej 3 miesi\u0119cy lub uporczywego nie wywi\u0105zywania si\u0119 <\/span><br \/><span style=\"font-size: medium;\"> z zadeklarowanych \u015bwiadcze\u0144 na rzecz Stowarzyszenia<\/span><\/p>\n<ol>\n<li><span style=\"font-size: medium;\">Stwierdzenie ustania cz\u0142onkostwa lub wykluczenia ze Stowarzyszenia nast\u0119puje w drodze uchwa\u0142y Zarz\u0105du.<\/span><\/li>\n<li><span style=\"font-size: medium;\">Od uchwa\u0142 Zarz\u0105du w sprawach, o kt\u00f3rych mowa w ust. 1 pkt 3 cz\u0142onkowi wykluczonemu przys\u0142uguje odwo\u0142anie do Walnego Zebrania w terminie 7 dni od dnia dor\u0119czenia uchwa\u0142y (uchwa\u0142\u0119 mo\u017cna dor\u0119czy\u0107 drog\u0105 e-mailow\u0105). Odwo\u0142anie jest rozpatrywane na najbli\u017cszym Walnym Zebraniu. Uchwa\u0142a Walnego Zebrania jest ostateczna. Odwo\u0142anie wnosi si\u0119 za po\u015brednictwem Zarz\u0105du.\u00a0<\/span><\/li>\n<\/ol>\n<p><span style=\"font-size: medium;\">\u00a0<\/span><\/p>\n<p align=\"center\"><span style=\"font-size: medium;\"><strong>\u00a7 17<\/strong><\/span><\/p>\n<ol>\n<li><span style=\"font-size: medium;\">Cz\u0142onkowie Stowarzyszenia za wzorowe wykonywanie swoich obowi\u0105zk\u00f3w oraz aktywny udzia\u0142 w dzia\u0142alno\u015bci Stowarzyszenia mog\u0105 by\u0107 wyr\u00f3\u017cnieni lub nagradzani przez Zarz\u0105d Stowarzyszenia: pochwa\u0142\u0105 ustn\u0105 lub pisemn\u0105, dyplomem uznania, nagrod\u0105 rzeczow\u0105 lub pieni\u0119\u017cn\u0105.<\/span><\/li>\n<li><span style=\"font-size: medium;\">Stowarzyszenie mo\u017ce ustanawia\u0107 odznaki, statuetki i przyznawa\u0107 je\u00a0 osobom fizycznym <\/span><br \/><span style=\"font-size: medium;\"> i prawnym zas\u0142u\u017conym dla Stowarzyszenia<\/span><\/li>\n<\/ol>\n<p><span style=\"font-size: medium;\">\u00a0<\/span><\/p>\n<p><span style=\"font-size: medium;\"><strong>ROZDZIA\u0141 4<\/strong><\/span><\/p>\n<p><span style=\"font-size: medium;\"><strong>W\u0141ADZE STOWARZYSZENIA<\/strong><\/span><\/p>\n<p><span style=\"font-size: medium;\">\u00a0<\/span><\/p>\n<p align=\"center\"><span style=\"font-size: medium;\"><strong>\u00a7 18<\/strong><\/span><\/p>\n<p><span style=\"font-size: medium;\">W\u0142adzami Stowarzyszenia s\u0105:<\/span><\/p>\n<p><span style=\"font-size: medium;\">1) Walne Zebranie;<\/span><\/p>\n<p><span style=\"font-size: medium;\">2) Zarz\u0105d;<\/span><\/p>\n<p><span style=\"font-size: medium;\">3) Komisja Rewizyjna.<\/span><\/p>\n<p align=\"center\"><span style=\"font-size: medium;\"><strong>\u00a0<\/strong><\/span><\/p>\n<p align=\"center\"><span style=\"font-size: medium;\"><strong>\u00a7 19<\/strong><\/span><\/p>\n<ol>\n<li><span style=\"font-size: medium;\">Kadencja w\u0142adz Stowarzyszenia trwa cztery lata, a ich wyb\u00f3r odbywa si\u0119 w g\u0142osowaniu jawnym zwyk\u0142\u0105 wi\u0119kszo\u015bci\u0105 g\u0142os\u00f3w. Cz\u0142onkowie wybrani do w\u0142adz Stowarzyszenia mog\u0105 t\u0105 funkcj\u0119 pe\u0142ni\u0107 przez dowoln\u0105 ilo\u015b\u0107 kadencji.<\/span><\/li>\n<li><span style=\"font-size: medium;\">W przypadku zmniejszenia si\u0119 liczby pochodz\u0105cych z wyboru cz\u0142onk\u00f3w w\u0142adz w trakcie trwania kadencji, w\u0142adzom tym przys\u0142uguje prawo kooptacji spo\u015br\u00f3d cz\u0142onk\u00f3w Stowarzyszenia, pod warunkiem, \u017ce liczba dokooptowanych cz\u0142onk\u00f3w w\u0142adz nie przekroczy 1\/2 liczby cz\u0142onk\u00f3w pochodz\u0105cych z wyboru w trakcie kadencji. <\/span><br \/><span style=\"font-size: medium;\"> W przeciwnym razie, Zarz\u0105d zwo\u0142uje Walne Zebranie w celu odbycia wybor\u00f3w uzupe\u0142niaj\u0105cych.<\/span><\/li>\n<li><span style=\"font-size: medium;\">Zarz\u0105d mo\u017ce zrezygnowa\u0107 z uprawnienia wynikaj\u0105cego z ust. 2. W takim przypadku Zarz\u0105d zwo\u0142uje Walne Zebranie w celu odbycia wybor\u00f3w uzupe\u0142niaj\u0105cych.<\/span><\/li>\n<li><span style=\"font-size: medium;\">Mandat cz\u0142onka powo\u0142anego w trybie okre\u015blonym w ust. 2 wygasa wraz z up\u0142ywem kadencji pozosta\u0142ych cz\u0142onk\u00f3w danego organu.<\/span><\/li>\n<li><span style=\"font-size: medium;\">Nie mo\u017cna \u0142\u0105czy\u0107 funkcji cz\u0142onka Zarz\u0105du i cz\u0142onka Komisji Rewizyjnej.<\/span><\/li>\n<\/ol>\n<p><span style=\"font-size: medium;\">\u00a0<\/span><\/p>\n<p><span style=\"font-size: medium;\"><strong>WALNE ZEBRANIE <\/strong><\/span><\/p>\n<p align=\"center\"><span style=\"font-size: medium;\"><strong>\u00a7 20<\/strong><\/span><\/p>\n<ol>\n<li><span style=\"font-size: medium;\">Najwy\u017csz\u0105 w\u0142adz\u0105 Stowarzyszenia jest Walne Zebranie. Walne Zebranie mo\u017ce by\u0107 zwyczajne lub nadzwyczajne.<\/span><\/li>\n<li><span style=\"font-size: medium;\">Zwyczajne Walne Zebranie zwo\u0142ywane jest przez Zarz\u0105d raz w roku, jako sprawozdawcze <\/span><br \/><span style=\"font-size: medium;\"> i raz na cztery lata jako sprawozdawczo \u2013 wyborcze. Nadzwyczajne Walne Zebranie zwo\u0142ywane jest zgodnie z \u00a7 21.<\/span><\/li>\n<li><span style=\"font-size: medium;\">O terminie, miejscu i porz\u0105dku obrad zwyczajnego i nadzwyczajnego Walnego Zebrania Zarz\u0105d zawiadamia cz\u0142onk\u00f3w poprzez og\u0142oszenie na tablicy og\u0142osze\u0144 lub informacj\u0119 w programie zaj\u0119\u0107 na 14 dni przed planowanym terminem obrad. Zarz\u0105d mo\u017ce ustali\u0107 inne sposoby zawiadamiania.\u00a0<\/span><\/li>\n<li><span style=\"font-size: medium;\">Uchwa\u0142y Walnego Zebrania podejmowane s\u0105 w g\u0142osowaniu jawnym, zwyk\u0142\u0105 wi\u0119kszo\u015bci\u0105 g\u0142os\u00f3w bez wzgl\u0119du na liczb\u0119 cz\u0142onk\u00f3w obecnych na Walnym Zebraniu.<\/span><\/li>\n<\/ol>\n<p align=\"center\"><span style=\"font-size: medium;\"><strong>\u00a0<\/strong><\/span><\/p>\n<p align=\"center\"><span style=\"font-size: medium;\"><strong>\u00a7 21<\/strong><\/span><\/p>\n<ol>\n<li><span style=\"font-size: medium;\">Nadzwyczajne Walne Zebranie zwo\u0142ywane jest:<\/span><\/li>\n<\/ol>\n<p><span style=\"font-size: medium;\">1)\u00a0\u00a0\u00a0\u00a0\u00a0 z inicjatywy w\u0142asnej Zarz\u0105du,<\/span><\/p>\n<p><span style=\"font-size: medium;\">2)\u00a0\u00a0\u00a0\u00a0\u00a0 na wniosek Komisji Rewizyjnej,<\/span><\/p>\n<p><span style=\"font-size: medium;\">3)\u00a0\u00a0\u00a0\u00a0\u00a0 na wniosek co najmniej 1\/3 og\u00f3lnej liczby cz\u0142onk\u00f3w zwyczajnych.<\/span><\/p>\n<p><span style=\"font-size: medium;\">2.W przypadku z\u0142o\u017cenia wniosku o zwo\u0142anie nadzwyczajnego Walnego Zebrania &#8211; Zarz\u0105d ma obowi\u0105zek zwo\u0142a\u0107 takie zebranie w terminie 30 dni od daty wp\u0142yni\u0119cia wniosku. Zasady okre\u015blone \u00a7 20 ust. 3 stosuje si\u0119 odpowiednio.<\/span><\/p>\n<p align=\"center\"><span style=\"font-size: medium;\">\u00a0<\/span><\/p>\n<p align=\"center\"><span style=\"font-size: medium;\"><strong>\u00a7 22<\/strong><\/span><\/p>\n<p><span style=\"font-size: medium;\">W Walnym Zebraniu bior\u0105 udzia\u0142:<\/span><\/p>\n<p><span style=\"font-size: medium;\">1) z g\u0142osem stanowi\u0105cym-cz\u0142onkowie zwyczajni,\u00a0 \u00a0 \u00a0<\/span><\/p>\n<p><span style=\"font-size: medium;\">2) z g\u0142osem doradczym-cz\u0142onkowie wspieraj\u0105cy i honorowi oraz zaproszeni go\u015bcie.\u00a0 \u00a0 \u00a0<\/span><\/p>\n<p align=\"center\"><span style=\"font-size: medium;\">\u00a0<\/span><\/p>\n<p align=\"center\"><span style=\"font-size: medium;\"><strong>\u00a7 23<\/strong><\/span><\/p>\n<p><span style=\"font-size: medium;\">Do kompetencji Walnego Zebrania nale\u017cy:<\/span><\/p>\n<p><span style=\"font-size: medium;\">1)\u00a0\u00a0\u00a0\u00a0\u00a0 okre\u015blenie g\u0142\u00f3wnych kierunk\u00f3w i program\u00f3w dzia\u0142ania Stowarzyszenia,<\/span><\/p>\n<p><span style=\"font-size: medium;\">2)\u00a0\u00a0\u00a0\u00a0\u00a0 uchwalanie statutu i jego zmian,<\/span><\/p>\n<p><span style=\"font-size: medium;\">3)\u00a0\u00a0\u00a0\u00a0\u00a0 podj\u0119cie uchwa\u0142y o rozwi\u0105zaniu Stowarzyszenia, wyznaczeniu likwidatora lub likwidator\u00f3w oraz przeznaczeniu maj\u0105tku Stowarzyszenia,<\/span><\/p>\n<p><span style=\"font-size: medium;\">4)\u00a0\u00a0\u00a0\u00a0\u00a0 wyb\u00f3r i odwo\u0142anie wszystkich wybieralnych w\u0142adz Stowarzyszenia i poszczeg\u00f3lnych cz\u0142onk\u00f3w tych w\u0142adz,<\/span><\/p>\n<p><span style=\"font-size: medium;\">5)\u00a0\u00a0\u00a0\u00a0\u00a0 rozpatrywanie i zatwierdzanie sprawozda\u0144 z dzia\u0142alno\u015bci w\u0142adz Stowarzyszenia,<\/span><\/p>\n<p><span style=\"font-size: medium;\">6)\u00a0\u00a0\u00a0\u00a0\u00a0 podejmowanie uchwa\u0142 w sprawie nadania oraz pozbawienia godno\u015bci cz\u0142onka honorowego,<\/span><\/p>\n<p><span style=\"font-size: medium;\">7)\u00a0\u00a0\u00a0\u00a0\u00a0 rozpatrywanie odwo\u0142a\u0144 od uchwa\u0142 Zarz\u0105du w sprawie stwierdzenia ustania cz\u0142onkostwa b\u0105d\u017a wykluczenia ze Stowarzyszenia,<\/span><\/p>\n<p><span style=\"font-size: medium;\">8)\u00a0\u00a0\u00a0\u00a0\u00a0 uchwalenie regulaminu funkcjonowania Walnego Zebrania,<\/span><\/p>\n<p><span style=\"font-size: medium;\">9)\u00a0\u00a0\u00a0\u00a0\u00a0 podejmowanie uchwa\u0142 w sprawach nie zastrze\u017conych do kompetencji innych w\u0142adz.<\/span><\/p>\n<p align=\"center\"><span style=\"font-size: medium;\">\u00a0<\/span><\/p>\n<p><span style=\"font-size: medium;\"><strong>ZARZ\u0104D<\/strong><\/span><\/p>\n<p align=\"center\"><span style=\"font-size: medium;\"><strong>\u00a7 24<\/strong><\/span><\/p>\n<p><span style=\"font-size: medium;\">Zarz\u0105d kieruje ca\u0142okszta\u0142tem dzia\u0142alno\u015bci Stowarzyszenia zgodnie z uchwa\u0142ami Walnego Zebrania, reprezentuje go na zewn\u0105trz i ponosi odpowiedzialno\u015b\u0107 za swoj\u0105 prac\u0119 przed Walnym Zebraniem.<\/span><\/p>\n<p align=\"center\"><span style=\"font-size: medium;\"><strong>\u00a0<\/strong><\/span><\/p>\n<p align=\"center\"><span style=\"font-size: medium;\"><strong>\u00a7 25<\/strong><\/span><\/p>\n<ol>\n<li><span style=\"font-size: medium;\">Zarz\u0105d sk\u0142ada si\u0119 z 5-15 cz\u0142onk\u00f3w.<\/span><\/li>\n<li><span style=\"font-size: medium;\">Zarz\u0105d na pierwszym posiedzeniu wybiera ze swojego grona prezesa, dw\u00f3ch wiceprezes\u00f3w, skarbnika, sekretarza. Zarz\u0105d mo\u017ce wybra\u0107 drugiego skarbnika i drugiego Sekretarza.<\/span><\/li>\n<li><span style=\"font-size: medium;\">Zarz\u0105d zbiera si\u0119 w miar\u0119 potrzeb, nie rzadziej jednak ni\u017c raz na kwarta\u0142.<\/span><\/li>\n<li><span style=\"font-size: medium;\">Pierwsze posiedzenie Zarz\u0105du powinno si\u0119 odby\u0107 niezw\u0142ocznie, po dokonaniu wyboru, kt\u00f3re prowadzi przewodnicz\u0105cy Walnego Zebrania.<\/span><\/li>\n<li><span style=\"font-size: medium;\">\u00a0Posiedzenia Zarz\u0105du zwo\u0142uje prezes lub wiceprezes z w\u0142asnej inicjatywy, na wniosek 1\/3 sk\u0142adu Zarz\u0105du lub na wniosek Komisji Rewizyjnej. W przypadku wniosku, o kt\u00f3rym mowa w zdaniu pierwszym posiedzenie Zarz\u0105du powinno zosta\u0107 zwo\u0142ane niezw\u0142ocznie, nie p\u00f3\u017aniej jednak ni\u017c w ci\u0105gu 21 dni od dnia zg\u0142oszenia wniosku. Posiedzeniom Zarz\u0105du przewodniczy prezes, a w przypadku jego nieobecno\u015bci wiceprezes. Zasady okre\u015blone <\/span><br \/><span style=\"font-size: medium;\"> w \u00a7 20 ust. 3 stosuje si\u0119 odpowiednio, przy czym termin zawiadomienia wynosi 7 dni przed planowanym terminem obrad.<\/span><\/li>\n<li><span style=\"font-size: medium;\">Posiedzenia Zarz\u0105du protoko\u0142uje sekretarz b\u0105d\u017a inny cz\u0142onek Zarz\u0105du wskazany przez przewodnicz\u0105cego obrad. Posiedzenia Zarz\u0105du mo\u017ce protoko\u0142owa\u0107 osoba, kt\u00f3ra nie jest cz\u0142onkiem Zarz\u0105du.<\/span><\/li>\n<li><span style=\"font-size: medium;\">Cz\u0142onkowie Zarz\u0105du nie mog\u0105 by\u0107 skazani prawomocnym wyrokiem za przest\u0119pstwo umy\u015blne \u015bcigane z oskar\u017cenia publicznego lub przest\u0119pstwo skarbowe.<\/span><\/li>\n<li><span style=\"font-size: medium;\">Uchwa\u0142y Zarz\u0105du podejmowane s\u0105 w g\u0142osowaniu jawnym, zwyk\u0142\u0105 wi\u0119kszo\u015bci\u0105 g\u0142os\u00f3w, przy obecno\u015bci co najmniej po\u0142owy og\u00f3lnej liczby cz\u0142onk\u00f3w Zarz\u0105du. W sytuacji r\u00f3wnego roz\u0142o\u017cenia g\u0142os\u00f3w decyduje g\u0142os przewodnicz\u0105cego obrad. \u00a0<\/span><\/li>\n<li><span style=\"font-size: medium;\">Szczeg\u00f3\u0142owe zasady funkcjonowania Zarz\u0105du uregulowane zostan\u0105, w uchwalonym przez ten organ, regulaminie Zarz\u0105du.<\/span><\/li>\n<\/ol>\n<p><span style=\"font-size: medium;\">\u00a0<\/span><\/p>\n<p align=\"center\"><span style=\"font-size: medium;\"><strong>\u00a7 26<\/strong><\/span><\/p>\n<p><span style=\"font-size: medium;\">\u00a0Do kompetencji Zarz\u0105du nale\u017cy:<\/span><\/p>\n<p><span style=\"font-size: medium;\">1)\u00a0\u00a0\u00a0\u00a0\u00a0 realizowanie cel\u00f3w statutowych Stowarzyszenia,<\/span><\/p>\n<p><span style=\"font-size: medium;\">2)\u00a0\u00a0\u00a0\u00a0\u00a0 reprezentowanie Stowarzyszenia na zewn\u0105trz oraz dzia\u0142anie w jego imieniu,<\/span><\/p>\n<p><span style=\"font-size: medium;\">3)\u00a0\u00a0\u00a0\u00a0\u00a0 realizowanie uchwa\u0142 Walnego Zebrania, \u00a0<\/span><\/p>\n<p><span style=\"font-size: medium;\">4)\u00a0\u00a0\u00a0\u00a0\u00a0 kierowanie ca\u0142okszta\u0142tem bie\u017c\u0105cej dzia\u0142alno\u015bci Stowarzyszenia,<\/span><\/p>\n<p><span style=\"font-size: medium;\">5)\u00a0\u00a0\u00a0\u00a0\u00a0 zarz\u0105dzanie maj\u0105tkiem Stowarzyszenia,<\/span><\/p>\n<p><span style=\"font-size: medium;\">6)\u00a0\u00a0\u00a0\u00a0\u00a0 planowanie i prowadzenie gospodarki finansowej,<\/span><\/p>\n<p><span style=\"font-size: medium;\">7)\u00a0\u00a0\u00a0\u00a0\u00a0 podejmowanie uchwa\u0142 w sprawie tworzenia funduszy celowych,<\/span><\/p>\n<p class=\"normal\"><span style=\"font-size: medium;\">8)\u00a0\u00a0\u00a0\u00a0\u00a0 sporz\u0105dzanie corocznego sprawozdania merytorycznego i finansowego z dzia\u0142alno\u015bci Stowarzyszenia,<\/span><\/p>\n<p><span style=\"font-size: medium;\">9)\u00a0\u00a0\u00a0\u00a0\u00a0 utworzenie biura Stowarzyszenia oraz zatrudnianie personelu,<\/span><\/p>\n<p><span style=\"font-size: medium;\">10)\u00a0 uchwalanie regulamin\u00f3w wewn\u0119trznych zwi\u0105zanych z funkcjonowaniem Stowarzyszenia,<\/span><\/p>\n<p><span style=\"font-size: medium;\">11)\u00a0 powo\u0142ywanie i odwo\u0142ywanie cia\u0142 doradczych, komisji, sekcji i zespo\u0142\u00f3w, samorz\u0105du studenckiego \u00a0oraz okre\u015blanie ich zada\u0144 w tym nadawanie i zmienianie regulamin\u00f3w ich funkcjonowania,<\/span><\/p>\n<p><span style=\"font-size: medium;\">12)\u00a0 podejmowanie decyzji w sprawie nabycia lub zbycia maj\u0105tku nieruchomego<\/span><br \/><span style=\"font-size: medium;\"> \u00a0i ruchomego,<\/span><\/p>\n<p><span style=\"font-size: medium;\">13)\u00a0 prowadzenie dzia\u0142alno\u015bci gospodarczej,<\/span><\/p>\n<p><span style=\"font-size: medium;\">14)\u00a0 podj\u0119cie decyzji w zakresie rejestracji Stowarzyszenia jako organizacji po\u017cytku publicznego,<\/span><\/p>\n<p><span style=\"font-size: medium;\">15)\u00a0 uchwalenie wysoko\u015bci sk\u0142adki cz\u0142onkowskiej,<\/span><\/p>\n<p><span style=\"font-size: medium;\">16)\u00a0 uchwalenie wysoko\u015bci wpisowego oraz innych op\u0142at zwi\u0105zanych z dzia\u0142alno\u015bci\u0105 Stowarzyszenia,<\/span><\/p>\n<p><span style=\"font-size: medium;\">17)\u00a0 uchwalenie zasad regulowania sk\u0142adek cz\u0142onkowskich,<\/span><\/p>\n<p><span style=\"font-size: medium;\">18)\u00a0 przyjmowanie i wykluczanie cz\u0142onk\u00f3w Stowarzyszenia,<\/span><\/p>\n<p><span style=\"font-size: medium;\">19)\u00a0 prowadzenie dokumentacji cz\u0142onkowskiej,<\/span><\/p>\n<p><span style=\"font-size: medium;\">20)\u00a0 podejmowanie uchwa\u0142 w sprawie przyst\u0105pienia Stowarzyszenia do innych organizacji,<\/span><\/p>\n<p><span style=\"font-size: medium;\">21)\u00a0 przyznawanie wyr\u00f3\u017cnie\u0144, pochwa\u0142, dyplom\u00f3w i nagr\u00f3d,<\/span><\/p>\n<p><span style=\"font-size: medium;\">22)\u00a0 wnioskowanie o nadanie i pozbawienie godno\u015bci cz\u0142onka honorowego,<\/span><\/p>\n<p><span style=\"font-size: medium;\">23)\u00a0 rozpatrywanie wniosk\u00f3w zg\u0142aszanych przez cz\u0142onk\u00f3w Stowarzyszenia.<\/span><\/p>\n<p align=\"center\"><span style=\"font-size: medium;\"><strong>\u00a0<\/strong><\/span><\/p>\n<p align=\"center\"><span style=\"font-size: medium;\"><strong>\u00a7 \u00a027<\/strong><\/span><\/p>\n<ol>\n<li><span style=\"font-size: medium;\">Do reprezentowania Stowarzyszenia, w tym do zaci\u0105gania zobowi\u0105za\u0144 maj\u0105tkowych, zawierania um\u00f3w i udzielania pe\u0142nomocnictw uprawniony jest prezes i inny cz\u0142onek zarz\u0105du dzia\u0142aj\u0105cy \u0142\u0105cznie albo wiceprezes i inny cz\u0142onek zarz\u0105du dzia\u0142aj\u0105cy \u0142\u0105cznie, albo skarbnik i inny cz\u0142onek zarz\u0105du dzia\u0142aj\u0105cy \u0142\u0105cznie.<\/span><\/li>\n<li><span style=\"font-size: medium;\">W umowach pomi\u0119dzy Stowarzyszeniem a cz\u0142onkiem zarz\u0105du oraz w sporach z nim, Stowarzyszenie reprezentuje cz\u0142onek komisji rewizyjnej wskazany w uchwale tego organu lub pe\u0142nomocnik powo\u0142any uchwa\u0142\u0105 Walnego Zebrania.<\/span><\/li>\n<li><span style=\"font-size: medium;\">Walne Zebranie jest organem uprawnionym do powo\u0142ania pe\u0142nomocnika\/pe\u0142nomocnik\u00f3w do reprezentowania Stowarzyszenia w umowach mi\u0119dzy Stowarzyszeniem a cz\u0142onkiem zarz\u0105du oraz w sporach mi\u0119dzy Stowarzyszeniem <\/span><br \/><span style=\"font-size: medium;\"> a cz\u0142onkiem zarz\u0105du.<\/span><\/li>\n<li><span style=\"font-size: medium;\">Komisja rewizyjna jest organem uprawnionym do wyznaczenia swojego przedstawiciela\u00a0 do reprezentowania Stowarzyszenia w umowach mi\u0119dzy Stowarzyszeniem a cz\u0142onkiem zarz\u0105du oraz w sporach mi\u0119dzy Stowarzyszeniem a cz\u0142onkiem zarz\u0105du.<\/span><\/li>\n<li><span style=\"font-size: medium;\">Zarz\u0105d Stowarzyszenia uprawniony jest do ustanowienia pe\u0142nomocnik\u00f3w Zarz\u0105du. Uchwa\u0142a w sprawie ustanowienia pe\u0142nomocnik\u00f3w okre\u015bla przedmiot umocowania.<\/span><\/li>\n<\/ol>\n<p class=\"normal\"><span style=\"font-size: medium;\"><strong>\u00a0<\/strong><\/span><\/p>\n<p class=\"normal\" align=\"left\"><span style=\"font-size: medium;\"><strong>KOMISJA REWIZYJNA<\/strong><\/span><\/p>\n<p class=\"normal\" align=\"center\"><span style=\"font-size: medium;\"><strong>\u00a7 28<\/strong><\/span><\/p>\n<ol>\n<li><span style=\"font-size: medium;\">Komisja Rewizyjna jest organem powo\u0142anym do sprawowania kontroli nad dzia\u0142alno\u015bci\u0105 Stowarzyszenia.<\/span><\/li>\n<li><span style=\"font-size: medium;\">Komisja Rewizyjna sk\u0142ada si\u0119 z 3 cz\u0142onk\u00f3w, kt\u00f3rzy wybieraj\u0105 spo\u015br\u00f3d siebie przewodnicz\u0105cego, wiceprzewodnicz\u0105cego i sekretarza.\u00a0<\/span><\/li>\n<li><span style=\"font-size: medium;\">Cz\u0142onkowie Komisji Rewizyjnej:<\/span><\/li>\n<\/ol>\n<p><span style=\"font-size: medium;\">1) nie mog\u0105 by\u0107 cz\u0142onkami Zarz\u0105du ani pozostawa\u0107 z nimi w zwi\u0105zku ma\u0142\u017ce\u0144skim, we\u00a0\u00a0\u00a0 wsp\u00f3lnym po\u017cyciu, stosunku pokrewie\u0144stwa, powinowactwa lub podleg\u0142o\u015bci s\u0142u\u017cbowej,<\/span><\/p>\n<p><span style=\"font-size: medium;\">2) nie mog\u0105 by\u0107 skazani prawomocnym wyrokiem za przest\u0119pstwo umy\u015blne \u015bcigane <\/span><br \/><span style=\"font-size: medium;\"> z oskar\u017cenia publicznego lub przest\u0119pstwo skarbowe.<\/span><\/p>\n<p><span style=\"font-size: medium;\">4. Posiedzenia Komisji Rewizyjnej odbywaj\u0105 si\u0119 w miar\u0119 potrzeb nie rzadziej jednak ni\u017c raz w roku.<\/span><\/p>\n<p><span style=\"font-size: medium;\">5. Posiedzenia Komisji zwo\u0142uje przewodnicz\u0105cy z w\u0142asnej inicjatywy, na wniosek 1\/3 sk\u0142adu Komisji lub wniosek Zarz\u0105du. W przypadku wniosku, o kt\u00f3rym mowa w zdaniu pierwszym posiedzenie Komisji Rewizyjnej powinno zosta\u0107 zwo\u0142ane niezw\u0142ocznie, nie p\u00f3\u017aniej jednak ni\u017c w ci\u0105gu 21 dni od dnia zg\u0142oszenia wniosku. Zasady okre\u015blone w \u00a7 20 ust. 3 stosuje si\u0119 odpowiednio, przy czym termin zawiadomienia wynosi 7 dni przed planowanym terminem obrad. W przypadku niezwo\u0142ania posiedzenia Komisji Rewizyjnej przez przewodnicz\u0105cego, posiedzenie mo\u017ce zwo\u0142a\u0107 kt\u00f3rykolwiek cz\u0142onek Komisji.<\/span><\/p>\n<p><span style=\"font-size: medium;\">6.Cz\u0142onkowie Komisji Rewizyjnej mog\u0105 bra\u0107 udzia\u0142 w posiedzeniach Zarz\u0105du z g\u0142osem doradczym. Zarz\u0105d ma obowi\u0105zek powiadomienia cz\u0142onk\u00f3w Komisji o ka\u017cdym posiedzeniu.<\/span><\/p>\n<p><span style=\"font-size: medium;\">7. Uchwa\u0142y Komisji rewizyjnej podejmowane s\u0105 w g\u0142osowaniu jawnym, zwyk\u0142\u0105 wi\u0119kszo\u015bci\u0105 g\u0142os\u00f3w, przy obecno\u015bci co najmniej po\u0142owy og\u00f3lnej liczby cz\u0142onk\u00f3w Komisji. W sytuacji r\u00f3wnego roz\u0142o\u017cenia g\u0142os\u00f3w decyduje g\u0142os przewodnicz\u0105cego obrad.<\/span><\/p>\n<p><span style=\"font-size: medium;\">8.\u00a0<\/span><span style=\"font-size: medium;\">Szczeg\u00f3\u0142owe zasady funkcjonowania Komisji Rewizyjnej uregulowane zostan\u0105\u00a0<\/span><span style=\"font-size: medium;\">w uchwalonym przez ten organ, regulaminie Komisji Rewizyjnej.<\/span><\/p>\n<p align=\"center\"><span style=\"font-size: medium;\"><strong>\u00a0<\/strong><\/span><\/p>\n<p align=\"center\"><span style=\"font-size: medium;\"><strong>\u00a7 29<\/strong><\/span><\/p>\n<p><span style=\"font-size: medium;\">Do kompetencji Komisji Rewizyjnej nale\u017cy:<\/span><\/p>\n<p><span style=\"font-size: medium;\">1)\u00a0\u00a0\u00a0\u00a0\u00a0 kontrola ca\u0142okszta\u0142tu dzia\u0142alno\u015bci Stowarzyszenia,<\/span><\/p>\n<p><span style=\"font-size: medium;\">2)\u00a0\u00a0\u00a0\u00a0\u00a0 wydawanie zalece\u0144 oraz \u017c\u0105danie wyja\u015bnie\u0144 w razie stwierdzenia nieprawid\u0142owo\u015bci <\/span><br \/><span style=\"font-size: medium;\"> w trakcie kontroli,<\/span><\/p>\n<p><span style=\"font-size: medium;\">3)\u00a0\u00a0\u00a0\u00a0\u00a0 ocena pracy Zarz\u0105du, w tym corocznych sprawozda\u0144: merytorycznego i finansowego,<\/span><\/p>\n<p><span style=\"font-size: medium;\">4)\u00a0\u00a0\u00a0\u00a0\u00a0 opracowywanie regulaminu funkcjonowania Komisji,<\/span><\/p>\n<p><span style=\"font-size: medium;\">5)\u00a0\u00a0\u00a0\u00a0\u00a0 kontrola terminowo\u015bci i prawid\u0142owo\u015bci op\u0142acania sk\u0142adek cz\u0142onkowskich,<\/span><\/p>\n<p><span style=\"font-size: medium;\">6)\u00a0\u00a0\u00a0\u00a0\u00a0 wnioskowanie o odwo\u0142anie Zarz\u0105du lub poszczeg\u00f3lnych cz\u0142onk\u00f3w Zarz\u0105du w razie jego bezczynno\u015bci,<\/span><\/p>\n<p><span style=\"font-size: medium;\">7)\u00a0\u00a0\u00a0\u00a0\u00a0 zwo\u0142ywanie Walnego Zebrania w przypadku niewywi\u0105zywania si\u0119 przez Zarz\u0105d <\/span><br \/><span style=\"font-size: medium;\"> z obowi\u0105zku okre\u015blonego w \u00a7 20 ust. 2 lub 21 ust. 2,<\/span><\/p>\n<p><span style=\"font-size: medium;\">8)\u00a0\u00a0\u00a0\u00a0\u00a0 wnioskowanie o zwo\u0142anie nadzwyczajnego Walnego Zebrania,<\/span><\/p>\n<p><span style=\"font-size: medium;\">9)\u00a0\u00a0\u00a0\u00a0\u00a0 przedstawienie Walnemu Zebraniu uwag i wniosk\u00f3w oraz zalece\u0144 pokontrolnych dotycz\u0105cych dzia\u0142alno\u015bci statutowej i finansowej Stowarzyszenia,<\/span><\/p>\n<p><span style=\"font-size: medium;\">10)\u00a0 sk\u0142adanie sprawozda\u0144 ze swej dzia\u0142alno\u015bci na Walnym Zebraniu.<\/span><\/p>\n<p align=\"center\"><span style=\"font-size: medium;\"><strong>\u00a0<\/strong><\/span><\/p>\n<p><span style=\"font-size: medium;\"><strong>ROZDZIA\u0141 5<\/strong><\/span><\/p>\n<p><span style=\"font-size: medium;\"><strong>MAJ\u0104TEK I GOSPODARKA FINANSOWA<\/strong><\/span><\/p>\n<p><span style=\"font-size: medium;\">\u00a0<\/span><\/p>\n<p align=\"center\"><span style=\"font-size: medium;\"><strong>\u00a7 30<\/strong><\/span><\/p>\n<ol>\n<li><span style=\"font-size: medium;\">\u0179r\u00f3d\u0142ami maj\u0105tku Stowarzyszenia s\u0105:<\/span><\/li>\n<\/ol>\n<p><span style=\"font-size: medium;\">1)\u00a0\u00a0\u00a0\u00a0\u00a0 sk\u0142adki cz\u0142onkowskie, wpisowe oraz inne op\u0142aty zwi\u0105zane z dzia\u0142alno\u015bci\u0105 Stowarzyszenia,<\/span><\/p>\n<p><span style=\"font-size: medium;\">2)\u00a0\u00a0\u00a0\u00a0\u00a0 \u00a0darowizny, zapisy i spadki, \u015brodki pochodz\u0105ce z ofiarno\u015bci prywatnej, ze sponsoringu, zbi\u00f3rek publicznych,<\/span><\/p>\n<p><span style=\"font-size: medium;\">3)\u00a0\u00a0\u00a0\u00a0\u00a0 dotacje, subwencje, udzia\u0142y, kontrakty, \u015brodki z funduszy publicznych, granty, zlecenia us\u0142ug,<\/span><\/p>\n<p><span style=\"font-size: medium;\">4)\u00a0\u00a0\u00a0\u00a0\u00a0 wp\u0142ywy z dzia\u0142alno\u015bci statutowej Stowarzyszenia, w tym z odp\u0142atnej dzia\u0142alno\u015bci statutowej <\/span><br \/><span style=\"font-size: medium;\"> i dzia\u0142alno\u015bci gospodarczej;<\/span><\/p>\n<p><span style=\"font-size: medium;\">5)\u00a0\u00a0\u00a0\u00a0\u00a0 dochody z maj\u0105tku Stowarzyszenia, dochody z kapita\u0142u (<em>odsetki, lokaty, akcje<\/em>), dochody <\/span><br \/><span style=\"font-size: medium;\"> z nieruchomo\u015bci i ruchomo\u015bci b\u0119d\u0105cych w\u0142asno\u015bci\u0105 lub w u\u017cytkowaniu Stowarzyszenia.<\/span><\/p>\n<ol>\n<li><span style=\"font-size: medium;\">Stowarzyszenie mo\u017ce prowadzi\u0107 dzia\u0142alno\u015b\u0107 gospodarcz\u0105 wed\u0142ug og\u00f3lnych zasad okre\u015blonych w odr\u0119bnych przepisach. Decyzj\u0119 o rozpocz\u0119ciu dzia\u0142alno\u015bci gospodarczej <\/span><br \/><span style=\"font-size: medium;\"> i jej zakresie podejmuje uchwa\u0142\u0105 Zarz\u0105d.<\/span><\/li>\n<li><span style=\"font-size: medium;\">Dzia\u0142alno\u015b\u0107 gospodarcza prowadzona przez Stowarzyszenie mo\u017ce mie\u0107 wy\u0142\u0105cznie charakter dodatkowy w stosunku do dzia\u0142alno\u015bci po\u017cytku publicznego.<\/span><\/li>\n<li><span style=\"font-size: medium;\">Dzia\u0142alno\u015b\u0107 gospodarcza prowadzona przez Stowarzyszenie mo\u017ce by\u0107 prowadzona wy\u0142\u0105cznie w rozmiarach s\u0142u\u017c\u0105cych realizacji jego cel\u00f3w statutowych.<\/span><\/li>\n<li><span style=\"font-size: medium;\">Doch\u00f3d Stowarzyszenia jest w ca\u0142o\u015bci przeznaczany na dzia\u0142alno\u015b\u0107 statutow\u0105 Stowarzyszenia i nie mo\u017ce by\u0107 przeznaczony do podzia\u0142u pomi\u0119dzy jego cz\u0142onk\u00f3w.<\/span><\/li>\n<\/ol>\n<p align=\"center\"><span style=\"font-size: medium;\"><strong>\u00a0<\/strong><\/span><\/p>\n<p align=\"center\"><span style=\"font-size: medium;\"><strong>\u00a7 31<\/strong><\/span><\/p>\n<ol>\n<li><span style=\"font-size: medium;\">Stowarzyszenie prowadzi gospodark\u0119 finansow\u0105 oraz rachunkowo\u015b\u0107 zgodnie <\/span><br \/><span style=\"font-size: medium;\"> z obowi\u0105zuj\u0105cymi przepisami.<\/span><\/li>\n<li><span style=\"font-size: medium;\">Rokiem obrachunkowym jest rok kalendarzowy.<\/span><\/li>\n<li><span style=\"font-size: medium;\">Wszelkie \u015brodki pieni\u0119\u017cne przechowywane s\u0105 na rachunku bankowym Stowarzyszenia. Dopuszczalne jest wprowadzenie w Stowarzyszeniu obrotu got\u00f3wkowego (kasy).<\/span><\/li>\n<li><span style=\"font-size: medium;\">Stowarzyszenie nie przyjmuje p\u0142atno\u015bci w got\u00f3wce o warto\u015bci r\u00f3wnej lub przekraczaj\u0105cej r\u00f3wnowarto\u015b\u0107 kwoty okre\u015blonej w przepisach o przeciwdzia\u0142aniu praniu pieni\u0119dzy oraz finansowaniu terroryzmu &#8211; r\u00f3wnie\u017c w drodze wi\u0119cej ni\u017c jednej operacji.<\/span><\/li>\n<\/ol>\n<p align=\"center\"><span style=\"font-size: medium;\"><strong>\u00a0<\/strong><\/span><\/p>\n<p align=\"center\"><span style=\"font-size: medium;\"><strong>\u00a7 32<\/strong><\/span><\/p>\n<p><span style=\"font-size: medium;\">Zabrania si\u0119:<\/span><\/p>\n<p><span style=\"font-size: medium;\">1)\u00a0\u00a0\u00a0\u00a0\u00a0 udzielania po\u017cyczek lub zabezpieczania zobowi\u0105za\u0144 maj\u0105tkiem organizacji w stosunku do jej cz\u0142onk\u00f3w, cz\u0142onk\u00f3w organ\u00f3w lub pracownik\u00f3w oraz os\u00f3b, z kt\u00f3rymi cz\u0142onkowie, cz\u0142onkowie organ\u00f3w oraz pracownicy organizacji pozostaj\u0105 w zwi\u0105zku ma\u0142\u017ce\u0144skim, we wsp\u00f3lnym po\u017cyciu albo w stosunku pokrewie\u0144stwa lub powinowactwa w linii prostej, pokrewie\u0144stwa lub powinowactwa w linii bocznej do drugiego stopnia albo s\u0105 zwi\u0105zani <\/span><br \/><span style=\"font-size: medium;\"> z tytu\u0142u przysposobienia, opieki lub kurateli, zwanych dalej &#8222;osobami bliskimi&#8221;,<\/span><\/p>\n<p><span style=\"font-size: medium;\">2)\u00a0\u00a0\u00a0\u00a0\u00a0 przekazywania maj\u0105tku stowarzyszenia na rzecz jego cz\u0142onk\u00f3w<em>,<\/em> cz\u0142onk\u00f3w organ\u00f3w lub pracownik\u00f3w oraz ich os\u00f3b bliskich, na zasadach innych ni\u017c w stosunku do os\u00f3b trzecich, w szczeg\u00f3lno\u015bci, je\u017celi przekazanie to nast\u0119puje bezp\u0142atnie lub na preferencyjnych warunkach,<\/span><\/p>\n<p><span style=\"font-size: medium;\">3)\u00a0\u00a0\u00a0\u00a0\u00a0 wykorzystywania maj\u0105tku na rzecz cz\u0142onk\u00f3w, cz\u0142onk\u00f3w organ\u00f3w lub pracownik\u00f3w oraz ich os\u00f3b bliskich na zasadach innych ni\u017c w stosunku do os\u00f3b trzecich, chyba \u017ce to wykorzystanie bezpo\u015brednio wynika z celu statutowego,<\/span><\/p>\n<p><span style=\"font-size: medium;\">4)\u00a0\u00a0\u00a0\u00a0\u00a0 zakupu towar\u00f3w lub us\u0142ug od podmiot\u00f3w, w kt\u00f3rych uczestnicz\u0105 cz\u0142onkowie organizacji, cz\u0142onkowie jej organ\u00f3w lub pracownicy oraz ich os\u00f3b bliskich, na zasadach innych ni\u017c <\/span><br \/><span style=\"font-size: medium;\"> w stosunku do os\u00f3b trzecich lub po cenach wy\u017cszych ni\u017c rynkowe.<\/span><\/p>\n<p><span style=\"font-size: medium;\"><strong>\u00a0<\/strong><\/span><\/p>\n<p><span style=\"font-size: medium;\"><strong>ROZDZIA\u0141 6<\/strong><\/span><\/p>\n<p><span style=\"font-size: medium;\"><strong>POSTANOWIENIA KO\u0143COWE<\/strong><\/span><\/p>\n<p><span style=\"font-size: medium;\">\u00a0<\/span><\/p>\n<p align=\"center\"><span style=\"font-size: medium;\"><strong>\u00a7 33<\/strong><\/span><\/p>\n<ol>\n<li><span style=\"font-size: medium;\">Uchwa\u0142\u0119 w sprawie zmiany statutu Stowarzyszenia podejmuje Walne Zebranie zwyk\u0142\u0105 wi\u0119kszo\u015bci\u0105 g\u0142os\u00f3w cz\u0142onk\u00f3w obecnych na Walnym Zebraniu<\/span><\/li>\n<li><span style=\"font-size: medium;\">Uchwa\u0142\u0119 w sprawie rozwi\u0105zania Stowarzyszenia podejmuje Walne Zebranie wi\u0119kszo\u015bci\u0105 2\/3 g\u0142os\u00f3w cz\u0142onk\u00f3w obecnych na Walnym Zebraniu.\u00a0<\/span><\/li>\n<li><span style=\"font-size: medium;\">Uchwa\u0142a o rozwi\u0105zaniu Stowarzyszenia powinna okre\u015bla\u0107 spos\u00f3b likwidacji, osob\u0119 b\u0105d\u017a osoby likwidator\u00f3w oraz cel, na jaki nast\u0105pi przekazanie jego maj\u0105tku. Koszty likwidacji pokrywa si\u0119 z maj\u0105tku Stowarzyszenia.\u00a0<\/span><\/li>\n<\/ol>\n<p><span style=\"font-size: medium;\">\u00a0<\/span><\/p>\n<p><span style=\"font-size: medium;\">\u00a0<\/span><\/p>\n<p><span style=\"font-size: medium;\">Podpisy<\/span><\/p>\n<table border=\"1\" cellspacing=\"0\" cellpadding=\"0\">\n<tbody>\n<tr>\n<td valign=\"top\" width=\"307\">\n<p align=\"center\"><span style=\"font-size: medium;\"><strong>Przewodnicz\u0105cy Walnego Zebrania <\/strong><\/span><\/p>\n<\/td>\n<td valign=\"top\" width=\"307\">\n<p align=\"center\"><span style=\"font-size: medium;\"><strong>Sekretarz Walnego Zebrania <\/strong><\/span><\/p>\n<\/td>\n<\/tr>\n<tr>\n<td valign=\"top\" width=\"307\">\n<p><span style=\"font-size: medium;\">\u00a0<\/span><\/p>\n<p><span style=\"font-size: medium;\">\u00a0<\/span><\/p>\n<\/td>\n<td valign=\"top\" width=\"307\">\n<p><span style=\"font-size: medium;\">\u00a0<\/span><\/p>\n<\/td>\n<\/tr>\n<\/tbody>\n<\/table>\n","protected":false},"excerpt":{"rendered":"<p>PONI\u017bEJ\u00a0 ZAMIESZCZAMY PROPOZYCJ\u0118\u00a0 STATUTU UNIWERSYTETU\u00a0 TRZECIEGO WIEKU w STARACHOWICACH. PROPOZYCJA\u00a0 STATUTU JEST OPRACOWANA PRZEZ PRAWNIK\u00d3W FEDERACJI UTW\u00a0 W NOWYM S\u0104CZU &hellip;<\/p>\n","protected":false},"author":3,"featured_media":0,"comment_status":"open","ping_status":"open","sticky":true,"template":"","format":"standard","meta":{"footnotes":""},"categories":[2],"tags":[],"_links":{"self":[{"href":"https:\/\/utwstarachowice.pl\/index.php?rest_route=\/wp\/v2\/posts\/654"}],"collection":[{"href":"https:\/\/utwstarachowice.pl\/index.php?rest_route=\/wp\/v2\/posts"}],"about":[{"href":"https:\/\/utwstarachowice.pl\/index.php?rest_route=\/wp\/v2\/types\/post"}],"author":[{"embeddable":true,"href":"https:\/\/utwstarachowice.pl\/index.php?rest_route=\/wp\/v2\/users\/3"}],"replies":[{"embeddable":true,"href":"https:\/\/utwstarachowice.pl\/index.php?rest_route=%2Fwp%2Fv2%2Fcomments&post=654"}],"version-history":[{"count":0,"href":"https:\/\/utwstarachowice.pl\/index.php?rest_route=\/wp\/v2\/posts\/654\/revisions"}],"wp:attachment":[{"href":"https:\/\/utwstarachowice.pl\/index.php?rest_route=%2Fwp%2Fv2%2Fmedia&parent=654"}],"wp:term":[{"taxonomy":"category","embeddable":true,"href":"https:\/\/utwstarachowice.pl\/index.php?rest_route=%2Fwp%2Fv2%2Fcategories&post=654"},{"taxonomy":"post_tag","embeddable":true,"href":"https:\/\/utwstarachowice.pl\/index.php?rest_route=%2Fwp%2Fv2%2Ftags&post=654"}],"curies":[{"name":"wp","href":"https:\/\/api.w.org\/{rel}","templated":true}]}}