{"id":651,"date":"2020-09-07T19:45:00","date_gmt":"2020-09-07T17:45:00","guid":{"rendered":"https:\/\/utwstarachowice.pl\/2020\/09\/07\/kondolencje-msza-pogrzebowa\/"},"modified":"2020-09-07T19:45:00","modified_gmt":"2020-09-07T17:45:00","slug":"kondolencje-msza-pogrzebowa","status":"publish","type":"post","link":"https:\/\/utwstarachowice.pl\/?p=651","title":{"rendered":"KONDOLENCJE-MSZA POGRZEBOWA"},"content":{"rendered":"<p><span style=\"font-size: medium;\">Z powodu \u015bmierci M\u0119\u017ca dla Kole\u017canki Teresy Koniarz z wyrazami \u017calu i szczerego wsp\u00f3\u0142czucia -ZARZ\u0104D UNIWERSYTETU TRZECIEGO WIEKU w\u00a0 STARACHOWICACH.<\/span><\/p>\n<p><span style=\"font-size: medium;\">W dniu 11.09(pi\u0105tek ) o godz.14<sup>00<\/sup> w Ko\u015bciele pw. Matki Bo\u017cej Nieustaj\u0105cej Pomocy w Starachowicach przy ul.Jana Paw\u0142a II odprawiona b\u0119dzie Msza \u015awi\u0119ta pogrzebowa.<\/span><\/p>\n","protected":false},"excerpt":{"rendered":"<p>Z powodu \u015bmierci M\u0119\u017ca dla Kole\u017canki Teresy Koniarz z wyrazami \u017calu i szczerego wsp\u00f3\u0142czucia -ZARZ\u0104D UNIWERSYTETU TRZECIEGO WIEKU w\u00a0 STARACHOWICACH. &hellip;<\/p>\n","protected":false},"author":3,"featured_media":0,"comment_status":"open","ping_status":"open","sticky":true,"template":"","format":"standard","meta":{"footnotes":""},"categories":[2],"tags":[],"_links":{"self":[{"href":"https:\/\/utwstarachowice.pl\/index.php?rest_route=\/wp\/v2\/posts\/651"}],"collection":[{"href":"https:\/\/utwstarachowice.pl\/index.php?rest_route=\/wp\/v2\/posts"}],"about":[{"href":"https:\/\/utwstarachowice.pl\/index.php?rest_route=\/wp\/v2\/types\/post"}],"author":[{"embeddable":true,"href":"https:\/\/utwstarachowice.pl\/index.php?rest_route=\/wp\/v2\/users\/3"}],"replies":[{"embeddable":true,"href":"https:\/\/utwstarachowice.pl\/index.php?rest_route=%2Fwp%2Fv2%2Fcomments&post=651"}],"version-history":[{"count":0,"href":"https:\/\/utwstarachowice.pl\/index.php?rest_route=\/wp\/v2\/posts\/651\/revisions"}],"wp:attachment":[{"href":"https:\/\/utwstarachowice.pl\/index.php?rest_route=%2Fwp%2Fv2%2Fmedia&parent=651"}],"wp:term":[{"taxonomy":"category","embeddable":true,"href":"https:\/\/utwstarachowice.pl\/index.php?rest_route=%2Fwp%2Fv2%2Fcategories&post=651"},{"taxonomy":"post_tag","embeddable":true,"href":"https:\/\/utwstarachowice.pl\/index.php?rest_route=%2Fwp%2Fv2%2Ftags&post=651"}],"curies":[{"name":"wp","href":"https:\/\/api.w.org\/{rel}","templated":true}]}}