{"id":650,"date":"2020-09-04T15:26:58","date_gmt":"2020-09-04T13:26:58","guid":{"rendered":"https:\/\/utwstarachowice.pl\/2020\/09\/04\/wykus-2020-zaproszenie\/"},"modified":"2020-09-04T15:26:58","modified_gmt":"2020-09-04T13:26:58","slug":"wykus-2020-zaproszenie","status":"publish","type":"post","link":"https:\/\/utwstarachowice.pl\/?p=650","title":{"rendered":"WYKUS -2020-ZAPROSZENIE"},"content":{"rendered":"<p><span style=\"font-size: medium;\">\u015aRODOWISKO \u015aWI\u0118TOKRZYSKICH\u00a0 ZGRUPOWA\u0143 PARTYZANCKICH ARMII KRAJOWEJ PONURY &#8211; NURT i ZWI\u0104ZEK HARCERSTWA RZECZPOSPOLITEJ\u00a0 OBW\u00d3D \u015aWI\u0118TOKRZYSKI -serdecznie zapraszamy\u00a0<\/span><\/p>\n<p><span style=\"font-size: medium;\">ZARZ\u0104D i CZ\u0141ONK\u00d3W UNIWERSYTETU TRZECIEGO WIEKU\u00a0<\/span><\/p>\n<p><span style=\"font-size: medium;\">na doroczne uroczysto\u015bci ,kt\u00f3re odb\u0119d\u0105 si\u0119\u00a0 w Starachowicach ,Bodzentynie , na Wykusie i w W\u0105chocku w dniach 11-13 wrze\u015bnia 2020r.<\/span><\/p>\n<p><span style=\"font-size: medium;\">11WRZE\u015aNIA (PI\u0104TEK)-STARACHOWICE<\/span><\/p>\n<p><span style=\"font-size: medium;\">-17<sup>00<\/sup>-Wiecz\u00f3r pie\u015bni partyzanckiej i patriotycznej w wykonaniu dzieci oraz m\u0142odzie\u017cy przy \u0141aweczce\u00a0 &#8222;HALNEGO{&#8217;<\/span><\/p>\n<p><span style=\"font-size: medium;\">12 WRZE\u015aNIA (SOBOTA)- BODZENTYN, WYKUS<\/span><\/p>\n<p><span style=\"font-size: medium;\">-12<sup>00<\/sup>-Uroczysto\u015b\u0107 nadania rondu w Bodzentynie\u00a0 przy ul. Kieleckiej nazwy RONDO \u017bO\u0141NIERZY &#8222;PONUREGO&#8221;i &#8222;NURTA&#8221;<\/span><\/p>\n<p><span style=\"font-size: medium;\">-13<sup>00<\/sup>-Odjazd autobusu na Wykus\u00a0 z parkingu\u00a0 przy Armii Krajowej\/na wprost &#8222;Falowca&#8221;<\/span><\/p>\n<p><span style=\"font-size: medium;\">-13<sup>30<\/sup>-Miejsko- Gminny O\u015brodek Kultury\u00a0 w W\u0105chocku -odjazd autobusu na Wykus\u00a0<\/span><\/p>\n<p><span style=\"font-size: medium;\">-15<sup>15<\/sup>-Zebranie poczt\u00f3w sztandarowych i grup zorganizowanych\u00a0 przy wej\u015bciu\u00a0 na Polan\u0119 Wykusow\u0105<\/span><\/p>\n<p><span style=\"font-size: medium;\">-16<sup>00<\/sup>-Podniesienie flagi na maszt ,przywitanie\u00a0 zebranych<\/span><\/p>\n<p><span style=\"font-size: medium;\">-Polowa Msza \u015awi\u0119ta w intencji mjr.&#8221;NURTA&#8221; i JEGO \u017bO\u0141NIERZY<\/span><\/p>\n<p><span style=\"font-size: medium;\">-Wr\u0119czenie Policyjnych Honorowych Odznak Zas\u0142ug\u00a0 im.&#8221;PONUREGO&#8221;<\/span><\/p>\n<p><span style=\"font-size: medium;\">-Apel poleg\u0142ych i z\u0142o\u017cenie kwiat\u00f3w<\/span><\/p>\n<p><span style=\"font-size: medium;\">13 WRZE\u015aNIA (NIEDZIELA)-W\u0104CHOCK<\/span><\/p>\n<p><span style=\"font-size: medium;\">-9<sup>00<\/sup>-MIEJSKO-GMINNY O\u015aRODEK KULTURY\u00a0 w W\u0104CHOCKU ,Nieznane fakty z \u017cycia\u00a0 mjr.Eugeniusza Kaszy\u0144skiego ps.&#8221;NURT&#8221; na podstawie ksi\u0105\u017cki &#8222;Major Eugeniusz Gedymin Kaszy\u0144ski,Nurt,Mur,Zygmunt(1909-1976)-prowadzenie Renata \u015aci\u015blewska -Skrobisz<\/span><\/p>\n<p><span style=\"font-size: medium;\">-10<sup>00<\/sup>-Zebranie poczt\u00f3w sztandarowych<\/span><\/p>\n<p><span style=\"font-size: medium;\">-10<sup>30<\/sup>-Msza \u015awi\u0119ta w intencji p\u0142k.&#8221;PONUREGO&#8221;i JEGO \u017bO\u0141NIERZY<\/span><\/p>\n<p><span style=\"font-size: medium;\">-11<sup>30<\/sup>-Defilada pod pomnikiem p\u0142k.&#8221;PONUREGO&#8221; w W\u0105chocku-Apel Poleg\u0142ych-z\u0142o\u017cenie wi\u0105zanek.<\/span><\/p>\n","protected":false},"excerpt":{"rendered":"<p>\u015aRODOWISKO \u015aWI\u0118TOKRZYSKICH\u00a0 ZGRUPOWA\u0143 PARTYZANCKICH ARMII KRAJOWEJ PONURY &#8211; NURT i ZWI\u0104ZEK HARCERSTWA RZECZPOSPOLITEJ\u00a0 OBW\u00d3D \u015aWI\u0118TOKRZYSKI -serdecznie zapraszamy\u00a0 ZARZ\u0104D i CZ\u0141ONK\u00d3W &hellip;<\/p>\n","protected":false},"author":3,"featured_media":0,"comment_status":"open","ping_status":"open","sticky":true,"template":"","format":"standard","meta":{"footnotes":""},"categories":[2],"tags":[],"_links":{"self":[{"href":"https:\/\/utwstarachowice.pl\/index.php?rest_route=\/wp\/v2\/posts\/650"}],"collection":[{"href":"https:\/\/utwstarachowice.pl\/index.php?rest_route=\/wp\/v2\/posts"}],"about":[{"href":"https:\/\/utwstarachowice.pl\/index.php?rest_route=\/wp\/v2\/types\/post"}],"author":[{"embeddable":true,"href":"https:\/\/utwstarachowice.pl\/index.php?rest_route=\/wp\/v2\/users\/3"}],"replies":[{"embeddable":true,"href":"https:\/\/utwstarachowice.pl\/index.php?rest_route=%2Fwp%2Fv2%2Fcomments&post=650"}],"version-history":[{"count":0,"href":"https:\/\/utwstarachowice.pl\/index.php?rest_route=\/wp\/v2\/posts\/650\/revisions"}],"wp:attachment":[{"href":"https:\/\/utwstarachowice.pl\/index.php?rest_route=%2Fwp%2Fv2%2Fmedia&parent=650"}],"wp:term":[{"taxonomy":"category","embeddable":true,"href":"https:\/\/utwstarachowice.pl\/index.php?rest_route=%2Fwp%2Fv2%2Fcategories&post=650"},{"taxonomy":"post_tag","embeddable":true,"href":"https:\/\/utwstarachowice.pl\/index.php?rest_route=%2Fwp%2Fv2%2Ftags&post=650"}],"curies":[{"name":"wp","href":"https:\/\/api.w.org\/{rel}","templated":true}]}}