{"id":65,"date":"2016-02-24T12:52:09","date_gmt":"2016-02-24T11:52:09","guid":{"rendered":"https:\/\/utwstarachowice.pl\/2016\/02\/24\/zmarl-pan-remigiusz-pacan\/"},"modified":"2016-02-24T12:52:09","modified_gmt":"2016-02-24T11:52:09","slug":"zmarl-pan-remigiusz-pacan","status":"publish","type":"post","link":"https:\/\/utwstarachowice.pl\/?p=65","title":{"rendered":"Zmar\u0142 Pan Remigiusz Pacan"},"content":{"rendered":"<p><span style=\"font-size: medium;\">Z \u017calem zawiadamiamy, \u017ce zmar\u0142 <strong>Pan Remigiusz Pacan<\/strong>. Msza \u015aw. \u017ca\u0142obna zostanie odprawiona w ko\u015bciele Wszystkich \u015aw. w Starachowicach (ul. Radomska) o godz. 13.00.<\/span><\/p>\n","protected":false},"excerpt":{"rendered":"<p>Z \u017calem zawiadamiamy, \u017ce zmar\u0142 Pan Remigiusz Pacan. Msza \u015aw. \u017ca\u0142obna zostanie odprawiona w ko\u015bciele Wszystkich \u015aw. w Starachowicach (ul. &hellip;<\/p>\n","protected":false},"author":3,"featured_media":0,"comment_status":"open","ping_status":"open","sticky":true,"template":"","format":"standard","meta":{"footnotes":""},"categories":[1],"tags":[],"_links":{"self":[{"href":"https:\/\/utwstarachowice.pl\/index.php?rest_route=\/wp\/v2\/posts\/65"}],"collection":[{"href":"https:\/\/utwstarachowice.pl\/index.php?rest_route=\/wp\/v2\/posts"}],"about":[{"href":"https:\/\/utwstarachowice.pl\/index.php?rest_route=\/wp\/v2\/types\/post"}],"author":[{"embeddable":true,"href":"https:\/\/utwstarachowice.pl\/index.php?rest_route=\/wp\/v2\/users\/3"}],"replies":[{"embeddable":true,"href":"https:\/\/utwstarachowice.pl\/index.php?rest_route=%2Fwp%2Fv2%2Fcomments&post=65"}],"version-history":[{"count":0,"href":"https:\/\/utwstarachowice.pl\/index.php?rest_route=\/wp\/v2\/posts\/65\/revisions"}],"wp:attachment":[{"href":"https:\/\/utwstarachowice.pl\/index.php?rest_route=%2Fwp%2Fv2%2Fmedia&parent=65"}],"wp:term":[{"taxonomy":"category","embeddable":true,"href":"https:\/\/utwstarachowice.pl\/index.php?rest_route=%2Fwp%2Fv2%2Fcategories&post=65"},{"taxonomy":"post_tag","embeddable":true,"href":"https:\/\/utwstarachowice.pl\/index.php?rest_route=%2Fwp%2Fv2%2Ftags&post=65"}],"curies":[{"name":"wp","href":"https:\/\/api.w.org\/{rel}","templated":true}]}}