{"id":644,"date":"2020-09-02T17:01:26","date_gmt":"2020-09-02T15:01:26","guid":{"rendered":"https:\/\/utwstarachowice.pl\/2020\/09\/02\/zawiadomienie-o-pogrzebie\/"},"modified":"2020-09-02T17:01:26","modified_gmt":"2020-09-02T15:01:26","slug":"zawiadomienie-o-pogrzebie","status":"publish","type":"post","link":"https:\/\/utwstarachowice.pl\/?p=644","title":{"rendered":"ZAWIADOMIENIE O POGRZEBIE."},"content":{"rendered":"<p><span style=\"font-size: medium;\">W dniu 10 wrze\u015bnia o godz. 15<sup>00<\/sup><sup>\u00a0<\/sup>na cmentarzu przy ul. Polnej odb\u0119dzie si\u0119 pogrzeb w stylu \u015bwieckim\u00a0 Wies\u0142awy Pawelec -Cz\u0142onka Zarz\u0105du I Kadencji UTW.<\/span><\/p>\n","protected":false},"excerpt":{"rendered":"<p>W dniu 10 wrze\u015bnia o godz. 1500\u00a0na cmentarzu przy ul. Polnej odb\u0119dzie si\u0119 pogrzeb w stylu \u015bwieckim\u00a0 Wies\u0142awy Pawelec -Cz\u0142onka &hellip;<\/p>\n","protected":false},"author":3,"featured_media":0,"comment_status":"open","ping_status":"open","sticky":true,"template":"","format":"standard","meta":{"footnotes":""},"categories":[2],"tags":[],"_links":{"self":[{"href":"https:\/\/utwstarachowice.pl\/index.php?rest_route=\/wp\/v2\/posts\/644"}],"collection":[{"href":"https:\/\/utwstarachowice.pl\/index.php?rest_route=\/wp\/v2\/posts"}],"about":[{"href":"https:\/\/utwstarachowice.pl\/index.php?rest_route=\/wp\/v2\/types\/post"}],"author":[{"embeddable":true,"href":"https:\/\/utwstarachowice.pl\/index.php?rest_route=\/wp\/v2\/users\/3"}],"replies":[{"embeddable":true,"href":"https:\/\/utwstarachowice.pl\/index.php?rest_route=%2Fwp%2Fv2%2Fcomments&post=644"}],"version-history":[{"count":0,"href":"https:\/\/utwstarachowice.pl\/index.php?rest_route=\/wp\/v2\/posts\/644\/revisions"}],"wp:attachment":[{"href":"https:\/\/utwstarachowice.pl\/index.php?rest_route=%2Fwp%2Fv2%2Fmedia&parent=644"}],"wp:term":[{"taxonomy":"category","embeddable":true,"href":"https:\/\/utwstarachowice.pl\/index.php?rest_route=%2Fwp%2Fv2%2Fcategories&post=644"},{"taxonomy":"post_tag","embeddable":true,"href":"https:\/\/utwstarachowice.pl\/index.php?rest_route=%2Fwp%2Fv2%2Ftags&post=644"}],"curies":[{"name":"wp","href":"https:\/\/api.w.org\/{rel}","templated":true}]}}