{"id":640,"date":"2020-08-20T19:17:21","date_gmt":"2020-08-20T17:17:21","guid":{"rendered":"https:\/\/utwstarachowice.pl\/2020\/08\/20\/wyjazd-do-ujk-uczestnikow-iii-modulu-aktywny-senior-ze-sztuka-na-ty\/"},"modified":"2020-08-20T19:17:21","modified_gmt":"2020-08-20T17:17:21","slug":"wyjazd-do-ujk-uczestnikow-iii-modulu-aktywny-senior-ze-sztuka-na-ty","status":"publish","type":"post","link":"https:\/\/utwstarachowice.pl\/?p=640","title":{"rendered":"WYJAZD DO UJK UCZESTNIK\u00d3W III MODU\u0141U AKTYWNY SENIOR &#8222;ZE SZTUK\u0104 NA TY&#8221;"},"content":{"rendered":"<p><span style=\"font-size: medium;\">Dnia 24.08.2020r. (poniedzia\u0142ek) o godzinie 10.00 z przystanku autobusowego przy galerii &#8222;Ska\u0142ka&#8221; wyjedzie grupa uczestnik\u00f3w na zaj\u0119cia warsztatowe i laboratoryjne do Uniwersytetu Jana Kochanowskiego w Kielcach wydzia\u0142 sztuki. Tytu\u0142 warsztat\u00f3w &#8211; &#8222;Czas zatrzymany w obiektywie&#8221;. Przewidywany powr\u00f3t do Starachowic w godzinach 16.00 &#8211; 17.00.<\/span><\/p>\n<p><span style=\"font-size: medium;\">Bli\u017csze informacje mo\u017cna uzyska\u0107 od kole\u017canki Helenki P\u0119czek (tel. 606625982).<\/span><\/p>\n","protected":false},"excerpt":{"rendered":"<p>Dnia 24.08.2020r. (poniedzia\u0142ek) o godzinie 10.00 z przystanku autobusowego przy galerii &#8222;Ska\u0142ka&#8221; wyjedzie grupa uczestnik\u00f3w na zaj\u0119cia warsztatowe i laboratoryjne &hellip;<\/p>\n","protected":false},"author":3,"featured_media":0,"comment_status":"open","ping_status":"open","sticky":true,"template":"","format":"standard","meta":{"footnotes":""},"categories":[2],"tags":[],"_links":{"self":[{"href":"https:\/\/utwstarachowice.pl\/index.php?rest_route=\/wp\/v2\/posts\/640"}],"collection":[{"href":"https:\/\/utwstarachowice.pl\/index.php?rest_route=\/wp\/v2\/posts"}],"about":[{"href":"https:\/\/utwstarachowice.pl\/index.php?rest_route=\/wp\/v2\/types\/post"}],"author":[{"embeddable":true,"href":"https:\/\/utwstarachowice.pl\/index.php?rest_route=\/wp\/v2\/users\/3"}],"replies":[{"embeddable":true,"href":"https:\/\/utwstarachowice.pl\/index.php?rest_route=%2Fwp%2Fv2%2Fcomments&post=640"}],"version-history":[{"count":0,"href":"https:\/\/utwstarachowice.pl\/index.php?rest_route=\/wp\/v2\/posts\/640\/revisions"}],"wp:attachment":[{"href":"https:\/\/utwstarachowice.pl\/index.php?rest_route=%2Fwp%2Fv2%2Fmedia&parent=640"}],"wp:term":[{"taxonomy":"category","embeddable":true,"href":"https:\/\/utwstarachowice.pl\/index.php?rest_route=%2Fwp%2Fv2%2Fcategories&post=640"},{"taxonomy":"post_tag","embeddable":true,"href":"https:\/\/utwstarachowice.pl\/index.php?rest_route=%2Fwp%2Fv2%2Ftags&post=640"}],"curies":[{"name":"wp","href":"https:\/\/api.w.org\/{rel}","templated":true}]}}