{"id":6269,"date":"2026-02-05T21:01:49","date_gmt":"2026-02-05T20:01:49","guid":{"rendered":"https:\/\/utwstarachowice.pl\/?p=6269"},"modified":"2026-02-05T21:01:49","modified_gmt":"2026-02-05T20:01:49","slug":"stanislaw-prokopiuk-1951-2025","status":"publish","type":"post","link":"https:\/\/utwstarachowice.pl\/?p=6269","title":{"rendered":"Stanis\u0142aw Prokopiuk \u00a0\u00a0(1951 \u2013 2025)"},"content":{"rendered":"\n<p><strong><em>\u201e Tyle \u017cyjemy, ile si\u0119 o nas pami\u0119ta\u201d\u00a0 Wis\u0142awa Szymborska<\/em><\/strong><\/p>\n\n\n\n<p>Nasz kolega Staszek pochodzi\u0142 z Lubelszczyzny. Przez kilkana\u015bcie lat mieszka\u0142 w \u015awidniku. W Starachowicach mieszka\u0142 nieca\u0142e trzy lata, od 2023 roku. Opiekowa\u0142 si\u0119 chor\u0105 \u017con\u0105, a\u017c do jej \u015bmierci, sam b\u0119d\u0105c schorowanym cz\u0142owiekiem. Rado\u015bniejszymi momentami w jego codzienno\u015bci by\u0142y zaj\u0119cia w Uniwersytecie Trzeciego Wieku w Starachowicach i spotkania poetyckie sekcji \u201eFENIKS\u201d.<\/p>\n\n\n\n<p>&nbsp;&nbsp;&nbsp;&nbsp;&nbsp;&nbsp;&nbsp;&nbsp;&nbsp;&nbsp;&nbsp; Dobrze zapisa\u0142 si\u0119 w naszej pami\u0119ci. Okaza\u0142 si\u0119 cz\u0142owiekiem wielu talent\u00f3w: pasjonat zio\u0142olecznictwa, kucharz a przede wszystkim poeta. Dzieli\u0142 si\u0119 swoj\u0105 wiedz\u0105 o zio\u0142ach. Uczy\u0142 jak z ich pomoc\u0105 dba\u0107 o zdrowie, rozdawa\u0142 przygotowane przez siebie mieszanki zio\u0142owe, cz\u0119stowa\u0142 naparami zio\u0142owymi a tak\u017ce pieczonym przez siebie chlebem.<\/p>\n\n\n\n<p>&nbsp;&nbsp;&nbsp;&nbsp;&nbsp;&nbsp;&nbsp;&nbsp;&nbsp;&nbsp;&nbsp; By\u0142 zachwycony tw\u00f3rczo\u015bci\u0105 Wies\u0142awa My\u015bliwskiego. Wsp\u00f3\u0142tworzy\u0142 wiecz\u00f3r\/wieczornic\u0119 po\u015bwi\u0119con\u0105 pisarzowi. Pisarz, z wdzi\u0119czno\u015bci za przemi\u0142y wiecz\u00f3r zaprosi\u0142 do Starachowic aktork\u0119 p. Gra\u017cyn\u0119 Barszczewsk\u0105. Przygotowa\u0142a ona monodram \u201eOstatnie rozdanie\u201d na podstawie powie\u015bci Wies\u0142awa My\u015bliwskiego. Wydarzenie odby\u0142o si\u0119 4 pa\u017adziernika 2025 roku w Parku Kultury. Bez Staszka. Zmar\u0142 kilka dni wcze\u015bniej.<\/p>\n\n\n\n<p>\u00a0\u00a0\u00a0\u00a0\u00a0\u00a0\u00a0\u00a0\u00a0\u00a0\u00a0 Pozostawi\u0142 po sobie wiele wierszy, kt\u00f3re \u015bwiadcz\u0105 o wielkiej \u017cyczliwo\u015bci dla ludzi, pe\u0142ne s\u0105 optymizmu i rado\u015bci \u017cycia. Jest autorem \u201eHymnu senior\u00f3w\u201d, kt\u00f3ry towarzyszy nam na inauguracjach i zako\u0144czeniach kolejnych lat akademickich. W napisanym proz\u0105 \u201eLi\u015bcie do przyjaci\u00f3\u0142\u201d pozostawi\u0142 nam wa\u017cne przes\u0142anie \u2013 <em>\u201ePesel nie jest wa\u017cny, je\u015bli w naszych sercach \u017cyje mi\u0142o\u015b\u0107 do ludzi i do \u015bwiata\u201d<\/em> oraz zalecenie \u2013 <em>\u201eCieszmy si\u0119 ka\u017cdym dniem\u201d<\/em>. Wiersze Staszka zosta\u0142y wydrukowane w IV tomiku UTW \u201eJak niebieskie ptaki\u201d. Przyja\u017ani\u0142 si\u0119 z wieloma tw\u00f3rcami, mi\u0119dzy innymi z poet\u0105 Januszem Niewczasem.<\/p>\n\n\n\n<p>\u00a0\u00a0\u00a0\u00a0\u00a0\u00a0\u00a0\u00a0\u00a0\u00a0\u00a0 Na wiecz\u00f3r pami\u0119ci o Staszku , kt\u00f3ry odby\u0142 si\u0119 19 stycznia 2026 roku w AKS zaproszone by\u0142y jego c\u00f3rka Monika oraz wnuczka Lena. Mia\u0142y one wzbogaci\u0107 wiedz\u0119 senior\u00f3w o nim jako ojcu, dziadku i poecie. Niestety, i tym razem los okaza\u0142 si\u0119 bezwzgl\u0119dny. C\u00f3rka Staszka \u00a0zmar\u0142a 5 stycznia 2026 r. po p\u0119kni\u0119ciu t\u0119tniaka m\u00f3zgu.<\/p>\n\n\n\n<p><strong><em>Bardzo dzi\u0119kuj\u0119 p. Dorocie Kie\u0142ek za tw\u00f3rczy wk\u0142ad w powstanie tego tekstu.<\/em><\/strong><\/p>\n\n\n\n<p><\/p>\n","protected":false},"excerpt":{"rendered":"<p>\u201e Tyle \u017cyjemy, ile si\u0119 o nas pami\u0119ta\u201d\u00a0 Wis\u0142awa Szymborska Nasz kolega Staszek pochodzi\u0142 z Lubelszczyzny. Przez kilkana\u015bcie lat mieszka\u0142 &hellip;<\/p>\n","protected":false},"author":3,"featured_media":0,"comment_status":"closed","ping_status":"closed","sticky":false,"template":"","format":"standard","meta":{"footnotes":""},"categories":[5],"tags":[],"_links":{"self":[{"href":"https:\/\/utwstarachowice.pl\/index.php?rest_route=\/wp\/v2\/posts\/6269"}],"collection":[{"href":"https:\/\/utwstarachowice.pl\/index.php?rest_route=\/wp\/v2\/posts"}],"about":[{"href":"https:\/\/utwstarachowice.pl\/index.php?rest_route=\/wp\/v2\/types\/post"}],"author":[{"embeddable":true,"href":"https:\/\/utwstarachowice.pl\/index.php?rest_route=\/wp\/v2\/users\/3"}],"replies":[{"embeddable":true,"href":"https:\/\/utwstarachowice.pl\/index.php?rest_route=%2Fwp%2Fv2%2Fcomments&post=6269"}],"version-history":[{"count":1,"href":"https:\/\/utwstarachowice.pl\/index.php?rest_route=\/wp\/v2\/posts\/6269\/revisions"}],"predecessor-version":[{"id":6270,"href":"https:\/\/utwstarachowice.pl\/index.php?rest_route=\/wp\/v2\/posts\/6269\/revisions\/6270"}],"wp:attachment":[{"href":"https:\/\/utwstarachowice.pl\/index.php?rest_route=%2Fwp%2Fv2%2Fmedia&parent=6269"}],"wp:term":[{"taxonomy":"category","embeddable":true,"href":"https:\/\/utwstarachowice.pl\/index.php?rest_route=%2Fwp%2Fv2%2Fcategories&post=6269"},{"taxonomy":"post_tag","embeddable":true,"href":"https:\/\/utwstarachowice.pl\/index.php?rest_route=%2Fwp%2Fv2%2Ftags&post=6269"}],"curies":[{"name":"wp","href":"https:\/\/api.w.org\/{rel}","templated":true}]}}