{"id":62,"date":"2016-01-25T14:16:53","date_gmt":"2016-01-25T13:16:53","guid":{"rendered":"https:\/\/utwstarachowice.pl\/2016\/01\/25\/luty-2016-komunikaty\/"},"modified":"2016-01-25T14:16:53","modified_gmt":"2016-01-25T13:16:53","slug":"luty-2016-komunikaty","status":"publish","type":"post","link":"https:\/\/utwstarachowice.pl\/?p=62","title":{"rendered":"Luty 2016 &#8211; Komunikaty"},"content":{"rendered":"<p align=\"center\"><strong><span style=\"text-decoration: underline;\"><span style=\"color: #000000;\">Komunikaty dla s\u0142uchaczy UTW<\/span><\/span><\/strong><\/p>\n<p align=\"center\"><strong><span style=\"text-decoration: underline;\"><span style=\"color: #000000;\">na luty 2016r.<\/span><\/span><\/strong><\/p>\n<p><strong><span style=\"text-decoration: underline;\"><span style=\"color: #000000;\">06-02-2016 r. <\/span><\/span><\/strong><span style=\"text-decoration: underline;\"><span style=\"color: #000000;\">(sobota)i <strong>10.02.2016r. <\/strong><\/span><span style=\"color: #000000;\">(\u015broda)<\/span><\/span><\/p>\n<p><span style=\"color: #000000;\">Spacer po okolicy Krynek (ok. 3km.) i wizyta w Centrum Kultury i Aktywno\u015bci Lokalnej w Brodach. Dodatkowo (\u015broda 10. 02.2016r.) prezentacja wydawnictw lokalnych w bibliotece gminnej. Zbi\u00f3rka godz. 10.50 na stacji PKP Starachowice Zach.<\/span><\/p>\n<p><span style=\"color: #000000;\"><strong><span style=\"text-decoration: underline;\">08-02-2016 r. <\/span><\/strong><span style=\"text-decoration: underline;\">(poniedzia\u0142ek)<\/span><\/span><\/p>\n<p><span style=\"color: #000000;\">Wyk\u0142ad dr K. Dutkiewicz: \u201eUroda i przyroda Wysp Kanaryjskich\u201d w Galerii \u201eSka\u0142ka\u201d godz. 16.15. <\/span><\/p>\n<p style=\"text-align: justify;\"><span style=\"color: #000000;\"><strong><span style=\"text-decoration: underline;\">10-02-2016 r. <\/span><\/strong><span style=\"text-decoration: underline;\">(\u015aroda)<\/span><\/span><\/p>\n<p style=\"text-align: justify;\"><span style=\"color: #000000;\">Wyjazd do Solca na baseny siarczkowe. <\/span><\/p>\n<p style=\"text-align: justify;\"><span style=\"color: #000000;\">Zbi\u00f3rka godz. 8.00 na parkingu przy galerii \u201eSka\u0142ka\u201d. <\/span><\/p>\n<p style=\"text-align: justify;\"><span style=\"color: #000000;\">Zapisy i wp\u0142aty przyjmuje H. Sidor 01.02. i\u00a0 <\/span><span style=\"color: #000000;\">03.02.2016 r. (godz. 10.00-12.00) w galerii \u201eSka\u0142ka\u201d w pokoju Rady Senior\u00f3w. <\/span><\/p>\n<p><strong><span style=\"text-decoration: underline;\"><span style=\"color: #000000;\">20-02-2016 r. <\/span><\/span><\/strong><span style=\"text-decoration: underline;\"><span style=\"color: #000000;\">(sobota) i <strong>24.02.2016r. <\/strong><\/span><span style=\"color: #000000;\">(\u015broda)<\/span><\/span><\/p>\n<p><span style=\"color: #000000;\">Spacer po okolicy Skar\u017cyska (ok. 6.km ). W programie Muzeum im. Or\u0142a Bia\u0142ego-Rej\u00f3w.Zbi\u00f3rka na przystanku MZK linii \u201eA\u201d (ul. Kopalniana) godz. 9.50.<\/span><\/p>\n<p><span style=\"color: #000000;\"><strong><span style=\"text-decoration: underline;\">23-02-2016 r. <\/span><\/strong><span style=\"text-decoration: underline;\">(wtorek)<\/span><\/span><\/p>\n<p><span style=\"color: #000000;\">Sekcja geograficzna prowadzona przez E. Szklarczyk organizuje \u201eDzie\u0144 rumu\u0144ski\u201d- godz.16.15 w galerii \u201eSka\u0142ka\u201d.W programie m.in. relacje z podr\u00f3\u017cy, ciekawostki, degustacja mama\u0142ygi :).<\/span><\/p>\n<p><span style=\"color: #000000;\"><strong><span style=\"text-decoration: underline;\">29-02-2016 r. <\/span><\/strong><span style=\"text-decoration: underline;\">(poniedzia\u0142ek)<\/span><\/span><\/p>\n<p><span style=\"color: #000000;\">Wyk\u0142ad prowadzony przez dr K. Daniszewskiego \u201eMalta historyczna i wsp\u00f3\u0142czesna\u201d godz.16.15 w galerii \u201eSka\u0142ka\u201d.<\/span><\/p>\n<p align=\"center\"><strong><span style=\"text-decoration: underline;\"><span style=\"color: #000000;\">\u00a0<\/span><\/span><\/strong><strong><span style=\"text-decoration: underline;\"><span style=\"color: #000000;\">UWAGA!!!!!!!!!<\/span><\/span><\/strong><\/p>\n<p><strong><span style=\"color: #000000;\">W II. semestrze w zwi\u0105zku z przeniesieniem siedziby UTW zmienia si\u0119 rozk\u0142ad zaj\u0119\u0107 tym sekcjom, kt\u00f3re mia\u0142y zaj\u0119cia w: ZSZ Nr 2, Hufcu, SP Nr 12 i I LO.<\/span><\/strong><\/p>\n<p><span style=\"color: #000000;\"><strong><span style=\"text-decoration: underline;\">Sekcja przyrodnicza<\/span><\/strong><strong>: <\/strong><\/span><\/p>\n<p><strong><span style=\"color: #000000;\">ka\u017cdy poniedzia\u0142ek, godz.16.15, Galeria \u201eSka\u0142ka\u201d, du\u017ca sala. <\/span><\/strong><\/p>\n<p><strong><span style=\"text-decoration: underline;\"><span style=\"color: #000000;\">Sekcja geograficzno-turystyczna:<\/span><\/span><\/strong><\/p>\n<p><strong><span style=\"color: #000000;\">1-szy wtorek ka\u017cdego miesi\u0105ca, godz.16.15, Galeria \u201eSka\u0142ka\u201d, du\u017ca sala.<\/span><\/strong><\/p>\n<p><span style=\"color: #000000;\"><strong><span style=\"text-decoration: underline;\">Sekcja literacka:<\/span><\/strong><\/span><\/p>\n<p><strong><span style=\"color: #000000;\">2-gi wtorek ka\u017cdego miesi\u0105ca, godz.16.15, Galeria \u201eSka\u0142ka\u201d, du\u017ca sala.<\/span><\/strong><\/p>\n<p><strong><span style=\"text-decoration: underline;\"><span style=\"color: #000000;\">Sekcja historyczna: <\/span><\/span><\/strong><\/p>\n<p><strong><span style=\"color: #000000;\">3-ci wtorek ka\u017cdego miesi\u0105ca, godz.16.15, du\u017ca sala.<\/span><\/strong><\/p>\n<p><strong><span style=\"text-decoration: underline;\"><span style=\"color: #000000;\">Sekcja psychologiczno-filozoficzna:<\/span><\/span><\/strong><\/p>\n<p><strong><span style=\"color: #000000;\">\u015broda, godz.16.30, Galeria Ska\u0142ka, ma\u0142a sala, grupa z pi\u0105tku przeniesiona na wtorek, godz.11.00, Galeria \u201eSka\u0142ka\u201d, ma\u0142a sala.<\/span><\/strong><\/p>\n<p><span style=\"color: #000000;\"><strong><span style=\"text-decoration: underline;\">Sekcja fotograficzna<\/span><\/strong><strong>: <\/strong><\/span><\/p>\n<p><strong><span style=\"color: #000000;\">czwartek, godz.11.00, Galeria \u201eSka\u0142ka\u201d, ma\u0142a sala.<\/span><\/strong><\/p>\n<p><strong><span style=\"text-decoration: underline;\"><span style=\"color: #000000;\">J\u0119zyk w\u0142oski:<\/span><\/span><span style=\"color: #000000;\"> \u00a0\u00a0\u00a0\u00a0\u00a0\u00a0\u00a0\u00a0\u00a0\u00a0<\/span><\/strong><\/p>\n<p><strong><span style=\"color: #000000;\">czwartek, godz. 15.30, Galeria \u201eSka\u0142ka\u201d, ma\u0142a sala.<\/span><\/strong><\/p>\n<p><strong><span style=\"text-decoration: underline;\"><span style=\"color: #000000;\">Plastyka: <\/span><\/span><\/strong><\/p>\n<p><strong><span style=\"color: #000000;\">\u015broda, 12.00, Galeria \u201eSka\u0142ka\u201d, ma\u0142a sala.<\/span><\/strong><\/p>\n<ul>\n<li>\n<p><strong>Samorz\u0105d S\u0142uchaczy UTW prosi o zg\u0142aszanie si\u0119 ch\u0119tnych do grupy wolontariackiej \u201eSeniorzy Seniorom\u201d w biurze UTW w galerii \u201eSka\u0142ka\u201d w czasie dy\u017cur\u00f3w. <\/strong><\/p>\n<\/li>\n<li>\n<p><strong>Dy\u017cury w biurze w poniedzia\u0142ki \u015brody i pi\u0105tki od 10.00 do 12.00.<\/strong><\/p>\n<\/li>\n<li>\n<p><strong>W biurze UTW w galerii \u201eSka\u0142ka\u201d Mo\u017cna si\u0119 zapisywa\u0107 oraz wp\u0142aca\u0107 na marcowy wyjazd do Radomia\u00a0 do teatru\u00a0 na operetk\u0119 (wp\u0142ata: 70 z\u0142).<\/strong><\/p>\n<\/li>\n<\/ul>\n<p align=\"center\"><span style=\"color: #000000;\"><strong>ZAPRASZAMY \ud83d\ude42<\/strong><\/span><\/p>\n","protected":false},"excerpt":{"rendered":"<p>Komunikaty dla s\u0142uchaczy UTW na luty 2016r. 06-02-2016 r. (sobota)i 10.02.2016r. (\u015broda) Spacer po okolicy Krynek (ok. 3km.) i wizyta &hellip;<\/p>\n","protected":false},"author":3,"featured_media":0,"comment_status":"open","ping_status":"open","sticky":true,"template":"","format":"standard","meta":{"footnotes":""},"categories":[1],"tags":[],"_links":{"self":[{"href":"https:\/\/utwstarachowice.pl\/index.php?rest_route=\/wp\/v2\/posts\/62"}],"collection":[{"href":"https:\/\/utwstarachowice.pl\/index.php?rest_route=\/wp\/v2\/posts"}],"about":[{"href":"https:\/\/utwstarachowice.pl\/index.php?rest_route=\/wp\/v2\/types\/post"}],"author":[{"embeddable":true,"href":"https:\/\/utwstarachowice.pl\/index.php?rest_route=\/wp\/v2\/users\/3"}],"replies":[{"embeddable":true,"href":"https:\/\/utwstarachowice.pl\/index.php?rest_route=%2Fwp%2Fv2%2Fcomments&post=62"}],"version-history":[{"count":0,"href":"https:\/\/utwstarachowice.pl\/index.php?rest_route=\/wp\/v2\/posts\/62\/revisions"}],"wp:attachment":[{"href":"https:\/\/utwstarachowice.pl\/index.php?rest_route=%2Fwp%2Fv2%2Fmedia&parent=62"}],"wp:term":[{"taxonomy":"category","embeddable":true,"href":"https:\/\/utwstarachowice.pl\/index.php?rest_route=%2Fwp%2Fv2%2Fcategories&post=62"},{"taxonomy":"post_tag","embeddable":true,"href":"https:\/\/utwstarachowice.pl\/index.php?rest_route=%2Fwp%2Fv2%2Ftags&post=62"}],"curies":[{"name":"wp","href":"https:\/\/api.w.org\/{rel}","templated":true}]}}